{"id":5633,"date":"2020-03-14T19:29:48","date_gmt":"2020-03-14T19:29:48","guid":{"rendered":"https:\/\/www.fanfani.me\/?p=5633"},"modified":"2020-05-31T20:14:09","modified_gmt":"2020-05-31T20:14:09","slug":"zatvoreni-granicni-prelazi-korona-srbija-crna-gora-bosna-i-hercegovina-hrvatska","status":"publish","type":"post","link":"https:\/\/www.fanfani.me\/en\/zatvoreni-granicni-prelazi-korona-srbija-crna-gora-bosna-i-hercegovina-hrvatska\/","title":{"rendered":"Korona Granice"},"content":{"rendered":"<h1 style=\"text-align: center;\">Otvoreni i zatvoreni grani\u010dni prelazi zbog Korone<br \/>\n<a href=\"#Srbija\">Srbija<\/a>, <a href=\"#CrnaGora\">Crna Gora<\/a>, <a href=\"#Hrvatska\">Hrvatska<\/a>, <a href=\"#BiH\">Bosna i Hercegovina<\/a><\/h1>\n<hr \/>\n<p>Nacionalno koordinaciono tijelo za zarazne bolesti (NKT) odlu\u010dilo je da od 1. juna, Crna Gora otvori sve putne grani\u010dne prelaze prema susjednim dr\u017eavama koji su bili zatvoreni u okviru mjera protiv \u0161irenja korona virusa, saop\u0161teno je iz Vlade.<\/p>\n<p>Ostaje privremeno zatvoren putni grani\u010dni prelaz Vra\u0107enovi\u0107i \u2013 Deleu\u0161a sa Bosnom i Hercegovinom na putnom pravcu Nik\u0161i\u0107 \u2013 Bile\u0107a koji je zatvoren 27. februara zbog gradnje grani\u010dne infrastrukture.<\/p>\n<hr \/>\n<hr \/>\n<p><strong><del><\/p>\n<hr \/>\n<hr \/>\n<p><\/del>Mi nemamo aktuelne<\/strong> informacije o prelazima i stanju na putevima<\/p>\n<p>ONI IMAJU<\/p>\n<ul>\n<li>AUTO-MOTO SAVEZ SRBIJE, Telefon: 1987 Email: kabinet@amss.org.rs<\/li>\n<li>HAK Hrvatska- Pomo\u0107 na cesti (+385 1) 1987 \u2022 Stanje na cestama 072 777 777 \u2022 Slu\u017eba \u010dlanstva 0800 9987<\/li>\n<li>AUTO MOTO SAVEZ CRNE GORE 19807<\/li>\n<li>BIHAMK-a na broj 1282 (birajte opciju 4). Za pozive iz inostranstva broj je +387 33 282 100 (opcija 4).<\/li>\n<\/ul>\n<p>Stanje na Granicama putem Video kamera vidi ovdje<\/p>\n<hr \/>\n<hr \/>\n<h2 style=\"text-align: center;\">Crna Gora<\/h2>\n<h3 style=\"text-align: center;\">&#8211; <span style=\"color: #000000;\"><span style=\"color: #ff0000;\">Zatvoreni<\/span> g<\/span>rani\u010dni prelazi<\/h3>\n<h6>izvor . twitter nalog <a class=\"TweetAuthor-avatar Identity-avatar u-linkBlend\" href=\"https:\/\/twitter.com\/VladaCG\" data-scribe=\"element:user_link\" aria-label=\"Vlada Crne Gore (screen name: VladaCG)\"><img decoding=\"async\" class=\"Avatar lazyload\" data-src=\"https:\/\/pbs.twimg.com\/profile_images\/1150423769812545536\/DgAOKqZG_normal.png\" alt=\"\" width=\"28\" height=\"15\" data-scribe=\"element:avatar\" data-src-2x=\"https:\/\/pbs.twimg.com\/profile_images\/1150423769812545536\/DgAOKqZG_bigger.png\" data-src-1x=\"https:\/\/pbs.twimg.com\/profile_images\/1150423769812545536\/DgAOKqZG_normal.png\" src=\"data:image\/svg+xml;base64,PHN2ZyB3aWR0aD0iMSIgaGVpZ2h0PSIxIiB4bWxucz0iaHR0cDovL3d3dy53My5vcmcvMjAwMC9zdmciPjwvc3ZnPg==\" style=\"--smush-placeholder-width: 28px; --smush-placeholder-aspect-ratio: 28\/15;\" \/><\/a><span title=\"Vlada Crne Gore twitter nalog izjava povodom korona virusa\">Vlada Crne Gore<\/span><\/h6>\n<p>i kamere na <a href=\"http:\/\/kamere.mup.gov.me\/\" target=\"_blank\" rel=\"noopener noreferrer\">http:\/\/kamere.mup.gov.me\/<\/a><\/p>\n<p>Privremeno su zatvoreni grani\u010dni prelazi za putni\u010dki grani\u010dni saobra\u0107aj prema:<br \/>\n<a id=\"CrnaGora\"><\/a><br \/>\nNove privremene mjere za\u0161tite gra\u0111ana CG od <a href=\"https:\/\/twitter.com\/VladaCG\" target=\"_blank\" rel=\"noopener noreferrer\">#COVID19<\/a>:<br \/>\n\u2022zabrana ulaska strancima (osim onima sa boravkom u CG i osim za promet robe)<br \/>\n\u2022obavezna samoizolacija putnika iz inostranstva<br \/>\n\u2022zabrana ugostiteljsih usluga u hotelima, osim za prijavljene goste #CoronaInfoCG<br \/>\n<a href=\"https:\/\/twitter.com\/VladaCG\" target=\"_blank\" rel=\"noopener noreferrer\">https:\/\/twitter.com\/VladaCG<\/a><\/p>\n<hr \/>\n<h3>\u2013 Bosni i Hercegovini:<br \/>\n\u0160\u0107epan Polje \u2013 Hum, na putnom pravcu Plu\u017eine \u2013 Fo\u010da; grani\u010dni prelaz: \u0160ula \u2013 Vitina, na putu Pljevlja -Fo\u010da;<\/h3>\n<hr \/>\n<h3>\u2013 Albaniji:<br \/>\nGrn\u010dar \u2013 Ba\u0161kim, na putu Plav \u2013 Skadar; Sukobin \u2013 Muri\u0107ani na putnom pravcu Ulcinj \u2013 Skadar;<\/h3>\n<hr \/>\n<h3>\u2013 Hrvatskoj:<br \/>\nKobila \u2013 Vitina, na putnom pravcu Herceg Novi \u2013 Vitina \u2013 Dubrovnik,<\/h3>\n<hr \/>\n<h3>\u2013 Srbiji:<br \/>\nRan\u010de \u2013 Jabuka, na putu Pljevlja \u2013 Prijepolje; Vu\u010de \u2013 Godova na putnom pravcu Ro\u017eaje \u2013 Tutin.<\/h3>\n<figure id=\"attachment_5634\" aria-describedby=\"caption-attachment-5634\" style=\"width: 290px\" class=\"wp-caption aligncenter\"><img decoding=\"async\" class=\"wp-image-5634 size-medium lazyload\" data-src=\"https:\/\/www.fanfani.me\/wp-content\/uploads\/2020\/03\/otvorenigrani\u010dniprelazicrnagorakoronaviruscovid19-300x154.jpg\" alt=\"\" width=\"300\" height=\"154\" data-srcset=\"https:\/\/www.fanfani.me\/wp-content\/uploads\/2020\/03\/otvorenigrani\u010dniprelazicrnagorakoronaviruscovid19-300x154.jpg 300w, https:\/\/www.fanfani.me\/wp-content\/uploads\/2020\/03\/otvorenigrani\u010dniprelazicrnagorakoronaviruscovid19-768x393.jpg 768w, https:\/\/www.fanfani.me\/wp-content\/uploads\/2020\/03\/otvorenigrani\u010dniprelazicrnagorakoronaviruscovid19.jpg 1000w\" data-sizes=\"(max-width: 300px) 100vw, 300px\" src=\"data:image\/svg+xml;base64,PHN2ZyB3aWR0aD0iMSIgaGVpZ2h0PSIxIiB4bWxucz0iaHR0cDovL3d3dy53My5vcmcvMjAwMC9zdmciPjwvc3ZnPg==\" style=\"--smush-placeholder-width: 300px; --smush-placeholder-aspect-ratio: 300\/154;\" \/><figcaption id=\"caption-attachment-5634\" class=\"wp-caption-text\">Ve\u0107ina crnogorskih grani\u010dnih prelaza je OTVORENA!<\/figcaption><\/figure>\n<hr \/>\n<p><script async=\"\" src=\"\/\/pagead2.googlesyndication.com\/pagead\/js\/adsbygoogle.js\"><\/script><br \/>\n<script><br \/>\n  (adsbygoogle = window.adsbygoogle || []).push({<br \/>\n    google_ad_client: \"ca-pub-6591600357185166\",<br \/>\n    enable_page_level_ads: true<br \/>\n  });<br \/>\n<\/script><\/p>\n<hr \/>\n<h2 style=\"text-align: center;\">Srbija &#8211;<\/h2>\n<p><a href=\"http:\/\/www.amss.org.rs\/aktuelnosti\" target=\"_blank\" rel=\"noopener noreferrer\">http:\/\/www.amss.org.rs\/aktuelnosti<\/a><\/p>\n<h6 style=\"text-align: center;\">Izvor AMSS<\/h6>\n<h2 style=\"text-align: center;\">Srbija &#8211; SPISAK PRIVREMENO <span style=\"color: #ff0000;\">ZATVORENIH<\/span> GRANI\u010cNIH PRELAZA<\/h2>\n<h3>GRANI\u010cNI PRELAZI PREMA MA\u0110ARSKOJ<\/h3>\n<p>Grani\u010dni prelaz<br \/>\n1 Rastina Drumski<br \/>\n2 Bajmok Drumski<br \/>\n3 Ba\u010dki Vinogradi\u00a0 Drumski<br \/>\n4 Horgo\u0161 2 Drumski<br \/>\n5 Kanji\u017ea Re\u010dni<br \/>\n6 \u0110ala Drumski<br \/>\n7 Rabe Drumski<br \/>\n8 Vrbica Drumski<br \/>\n9 Kikinda \u017delezni\u010dki<br \/>\n10 Nakovo Drumski<br \/>\n11 Ja\u0161a Tomi\u0107 Drumski<br \/>\n12 Kalu\u0111erovo Drumski<br \/>\n13 Golubac Re\u010dni<br \/>\n14 Donji Milanovac Re\u010dni<br \/>\n15 Tekija Re\u010dni<br \/>\n16 Kladovo<br \/>\nRe\u010dni<br \/>\n17 \u0110erdap 2<br \/>\nDrumski<\/p>\n<h3>GRANI\u010cNI PRELAZI PREMA REPUBLICI BUGARSKOJ<\/h3>\n<p>18 Mokranje<br \/>\nDrumski<br \/>\n19 Strezimirovci<br \/>\nDrumski<br \/>\n20 Ribarci<br \/>\nDrumski<\/p>\n<h3>GRANI\u010cNI PRELAZI PREMA REPUBLICI SEVERNOJ MAKEDONIJI<\/h3>\n<p>21 Prohor P\u010dinjski<br \/>\nDrumski<br \/>\n22 Gole\u0161 \u2013 Golema<br \/>\nCrcorija Drumski<\/p>\n<h3>SPISAK PRIVREMENO ZATVORENIH GRANI\u010cNIH PRELAZA<br \/>\nGRANI\u010cNI PRELAZI PREMA CRNOJ GORI<\/h3>\n<p>23 Godovo Drumski<br \/>\n24 Vrbnica<br \/>\nDrumski<br \/>\n25 Jabuka<br \/>\nDrumski<\/p>\n<h3>GRANI\u010cNI PRELAZI PREMA BiH<\/h3>\n<p>26 Priboj<br \/>\nDrumski<br \/>\n27 Carevo polje<br \/>\nDrumski<br \/>\n28 Mokra Gora<br \/>\n\u017delezni\u010dki<br \/>\n29 Sremska Ra\u010da<br \/>\n\u017delezni\u010dki<br \/>\n30 Peru\u0107ac<br \/>\nRe\u010dni<br \/>\n31 Mali Zvornik<br \/>\nDrumski -stari most<br \/>\n32<br \/>\nJamena<br \/>\nDrumsko-skelski<\/p>\n<h3>GRANI\u010cNI PRELAZI PREMA REPUBLICI HRVATSKOJ<\/h3>\n<p>33 Sot<br \/>\nDrumski<br \/>\n34 Ljuba<br \/>\nDrumski<br \/>\n35 Ne\u0161tin Drumski<br \/>\n36 Bogojevo \u017delezni\u010dki<br \/>\n37 Apatin<br \/>\nRe\u010dni<br \/>\n38 Bezdan<br \/>\nDrumski<br \/>\n39 Novi Sad<br \/>\nRe\u010dni<br \/>\n40 Berkasovo<br \/>\nDrumski<br \/>\n41 Vajska<br \/>\nSkelski<\/p>\n<h3>UNUTRA\u0160NJI GRANI\u010cNI PRELAZI<\/h3>\n<p>42 Beograd<br \/>\nRe\u010dni<br \/>\n43 Morava<br \/>\nVazdu\u0161ni<br \/>\n44 Vr\u0161ac<br \/>\nVazdu\u0161ni<\/p>\n<hr \/>\n<p><script async=\"\" src=\"\/\/pagead2.googlesyndication.com\/pagead\/js\/adsbygoogle.js\"><\/script><br \/>\n<script><br \/>\n  (adsbygoogle = window.adsbygoogle || []).push({<br \/>\n    google_ad_client: \"ca-pub-6591600357185166\",<br \/>\n    enable_page_level_ads: true<br \/>\n  });<br \/>\n<\/script><\/p>\n<hr \/>\n<h2 style=\"text-align: center;\">Bosna i Hercegovina<\/h2>\n<p><a href=\"https:\/\/bihamk.ba\/bs\/vijesti\/aktuelne-informacije-o-stanju-na-granicnim-prelazima-bih-i-regije-zbog-sirenja-koronavirusa\/474\" target=\"_blank\" rel=\"noopener noreferrer\">izvor https:\/\/bihamk.ba<\/a><\/p>\n<p>Stanje na cestama 14. 03. 2020. u 19 : 40 sati<\/p>\n<p><strong>Zbog spre\u010davanja \u0161irenja koronavirusa, na svim grani\u010dnim prelazima Bosne i Hercegovine poja\u010dana je kontrola putnika i robe. <\/strong><\/p>\n<p><strong><br \/>\n<span style=\"color: #ff0000;\">Svi me\u0111unarodni grani\u010dni prelazi sa Srbijom i Hrvatskom su u funkciji. <\/span><br \/>\n<span style=\"color: #ff0000;\">Prema Crnoj Gori zatvoreni su me\u0111unarodni prelazi Hum-\u0160\u0107epan Polje i Vitine-\u0160ule.<br \/>\n<\/span><\/strong><\/p>\n<p><strong>Duga su zadr\u017eavanja na izlazu iz BiH na grani\u010dnom prelazu Velika Kladu\u0161a, dok na ostalim grani\u010dnim prelazima nema du\u017eih zadr\u017eavanja.<\/strong><\/p>\n<p><strong>Na GP Br\u010dko-Gunja ne mogu saobra\u0107ati autobusi i teretna vozila, dok je GP Deleu\u0161a-Vra\u0107enovi\u0107i zbog radova zatvoren za saobra\u0107aj.<br \/>\n<\/strong><\/p>\n<p><strong>Svi me\u0111unarodni grani\u010dni prelazi u Bosni i Hercegovini su u funkciji.<\/strong><\/p>\n<p>Zbog straha od \u0161irenja koronavirusa uvedene su posebne mjere na grani\u010dnim prelazima Bosne i Hercegovine i zemalja u regionu. Informativni centar BIHAMK-a prati situaciju u BIH i regiji i redovno\u00a0 informi\u0161e javnost o stanju na grani\u010dnim prelazima.<\/p>\n<p>SLOVENIJA: Svi manji grani\u010dni prelazi prema Italiji su zatvoreni. U funkciji je 6 grani\u010dnih prelaza: Rate\u010de, Robi\u010d, Vrtojba, Ferneti\u010di, \u0160kofije i Krvavi Potok. Na svim grani\u010dnim prelazima poja\u010dana je kontrola putnika i robe.<\/p>\n<p>SRBIJA: Zatvoreni su grani\u010dni prelazi sa Hrvatskom: Batina, Principovac, Principovac 2 i Ilok 2.<br \/>\nSa Bosnom i Hercegovinom, Srbija je od jutros zatvorila malograni\u010dne prelaze: Bazinovci, Jamena, Most i Mokronozi.<br \/>\nSa Makedonijom je zatvoren grani\u010dni prelaz Prohor P\u010dinjski. Me\u0111unarodni grani\u010dni prelaz Pre\u0161evo-Tabanovci je otvoren.<\/p>\n<p>Svi me\u0111unarodni grani\u010dni prelazi Bosne i Hercegovine sa Hrvatskom, Srbijom i Crnom Gorom (izuzetak je GP Deleu\u0161a-Vra\u0107enovi\u0107i, koji je zbog radova zatvoren) su otvoreni, a na prelazima se vr\u0161e poja\u010dane kontrole putnika i robe.<\/p>\n<p>U Bosnu i Hercegovinu je zabranjen ulazak strancima koje dolaze iz Italije, Irana, Ju\u017ene Koreje i pojedinih dijelova Kine (provincija Hubei i grad Wuhan). Dr\u017eavljani BiH koji se vra\u0107aju u BiH iz neke od ovih zemalja popunjavaju upitnik i idu u obaveznu samoizolaciju 14 dana.<\/p>\n<p><strong>Za sve detaljnije informacije pozovite Informativni centar BIHAMK-a na broj 1282 (birajte opciju 4). Za pozive iz inostranstva broj je +387 33 282 100 (opcija 4).<\/strong><\/p>\n<hr \/>\n<p><a href=\"#Hrvatska\"><strong>Hrvatska Zatvoreni i otvoreni grani\u010dni prijelazi<\/strong><\/a><br \/>\n<a href=\"https:\/\/www.hak.hr\/info\/stanje-na-cestama\/#prohodnost-cesta\" target=\"_blank\" rel=\"noopener noreferrer\">https:\/\/www.hak.hr\/info\/stanje-na-cestama\/#prohodnost-cesta<\/a><\/p>\n<p>Izvor hak.hr<br \/>\nhttps:\/\/www.hak.hr\/info\/stanje-na-cestama\/#granicni-prijelazi<\/p>\n<p><b>Za sav promet zatvoreni su grani\u010dni prijelazi: Batina, Principovac, Principovac 2 i Ilok 2.<\/b><\/p>\n","protected":false},"excerpt":{"rendered":"<p>Otvoreni i zatvoreni grani\u010dni prelazi zbog Korone Srbija, Crna Gora, Hrvatska, Bosna i Hercegovina Nacionalno koordinaciono tijelo za zarazne bolesti (NKT) odlu\u010dilo je da od 1. juna, Crna Gora otvori sve putne grani\u010dne prelaze prema susjednim dr\u017eavama koji su bili zatvoreni u okviru mjera protiv \u0161irenja korona virusa, saop\u0161teno je iz Vlade. Ostaje privremeno zatvoren &#8230; <a title=\"Korona Granice\" class=\"read-more\" href=\"https:\/\/www.fanfani.me\/en\/zatvoreni-granicni-prelazi-korona-srbija-crna-gora-bosna-i-hercegovina-hrvatska\/\" aria-label=\"Read more about Korona Granice\">Read more<\/a><\/p>\n","protected":false},"author":1,"featured_media":5634,"comment_status":"closed","ping_status":"closed","sticky":false,"template":"","format":"standard","meta":{"footnotes":""},"categories":[76],"tags":[],"class_list":["post-5633","post","type-post","status-publish","format-standard","has-post-thumbnail","hentry","category-auto-mape-cover"],"yoast_head":"<!-- This site is optimized with the Yoast SEO plugin v27.3 - https:\/\/yoast.com\/product\/yoast-seo-wordpress\/ -->\n<title>Korona virus GRANI\u010cNI PRELAZI Srbija, Crna Gora, Hrvatska BiH<\/title>\n<meta name=\"description\" content=\"U cilju suzbijanja koronavirusa Srbija, Crna Gora, Hrvatska i Bosna i Hercegovina su privremeno zatvorile GRANI\u010cNE PRELAZE. Koji su prelazi zatvoreni?\" \/>\n<meta name=\"robots\" content=\"index, follow, max-snippet:-1, max-image-preview:large, max-video-preview:-1\" \/>\n<link rel=\"canonical\" href=\"https:\/\/www.fanfani.me\/sr\/zatvoreni-granicni-prelazi-korona-srbija-crna-gora-bosna-i-hercegovina-hrvatska\/\" \/>\n<meta property=\"og:locale\" content=\"en_US\" \/>\n<meta property=\"og:type\" content=\"article\" \/>\n<meta property=\"og:title\" content=\"Korona virus GRANI\u010cNI PRELAZI Srbija, Crna Gora, Hrvatska BiH\" \/>\n<meta property=\"og:description\" content=\"U cilju suzbijanja koronavirusa Srbija, Crna Gora, Hrvatska i Bosna i Hercegovina su privremeno zatvorile GRANI\u010cNE PRELAZE. Koji su prelazi zatvoreni?\" \/>\n<meta property=\"og:url\" content=\"https:\/\/www.fanfani.me\/sr\/zatvoreni-granicni-prelazi-korona-srbija-crna-gora-bosna-i-hercegovina-hrvatska\/\" \/>\n<meta property=\"og:site_name\" content=\"Neda Fanfani\" \/>\n<meta property=\"article:publisher\" content=\"https:\/\/www.facebook.com\/Apartmani.Djenovici\/\" \/>\n<meta property=\"article:published_time\" content=\"2020-03-14T19:29:48+00:00\" \/>\n<meta property=\"article:modified_time\" content=\"2020-05-31T20:14:09+00:00\" \/>\n<meta property=\"og:image\" content=\"https:\/\/www.fanfani.me\/wp-content\/uploads\/2020\/03\/otvorenigrani\u010dniprelazicrnagorakoronaviruscovid19.jpg\" \/>\n\t<meta property=\"og:image:width\" content=\"1000\" \/>\n\t<meta property=\"og:image:height\" content=\"512\" \/>\n\t<meta property=\"og:image:type\" content=\"image\/jpeg\" \/>\n<meta name=\"author\" content=\"backo\" \/>\n<meta name=\"twitter:card\" content=\"summary_large_image\" \/>\n<meta name=\"twitter:label1\" content=\"Written by\" \/>\n\t<meta name=\"twitter:data1\" content=\"backo\" \/>\n\t<meta name=\"twitter:label2\" content=\"Est. reading time\" \/>\n\t<meta name=\"twitter:data2\" content=\"4 minutes\" \/>\n<script type=\"application\/ld+json\" class=\"yoast-schema-graph\">{\"@context\":\"https:\\\/\\\/schema.org\",\"@graph\":[{\"@type\":\"Article\",\"@id\":\"https:\\\/\\\/www.fanfani.me\\\/sr\\\/zatvoreni-granicni-prelazi-korona-srbija-crna-gora-bosna-i-hercegovina-hrvatska\\\/#article\",\"isPartOf\":{\"@id\":\"https:\\\/\\\/www.fanfani.me\\\/sr\\\/zatvoreni-granicni-prelazi-korona-srbija-crna-gora-bosna-i-hercegovina-hrvatska\\\/\"},\"author\":{\"name\":\"backo\",\"@id\":\"https:\\\/\\\/www.fanfani.me\\\/sr\\\/#\\\/schema\\\/person\\\/9f570ae7a383285d5eb5b1782c0e2abf\"},\"headline\":\"Korona Granice\",\"datePublished\":\"2020-03-14T19:29:48+00:00\",\"dateModified\":\"2020-05-31T20:14:09+00:00\",\"mainEntityOfPage\":{\"@id\":\"https:\\\/\\\/www.fanfani.me\\\/sr\\\/zatvoreni-granicni-prelazi-korona-srbija-crna-gora-bosna-i-hercegovina-hrvatska\\\/\"},\"wordCount\":894,\"publisher\":{\"@id\":\"https:\\\/\\\/www.fanfani.me\\\/sr\\\/#organization\"},\"image\":{\"@id\":\"https:\\\/\\\/www.fanfani.me\\\/sr\\\/zatvoreni-granicni-prelazi-korona-srbija-crna-gora-bosna-i-hercegovina-hrvatska\\\/#primaryimage\"},\"thumbnailUrl\":\"https:\\\/\\\/www.fanfani.me\\\/wp-content\\\/uploads\\\/2020\\\/03\\\/otvorenigrani\u010dniprelazicrnagorakoronaviruscovid19.jpg\",\"articleSection\":[\"Auto mape\"],\"inLanguage\":\"en-US\"},{\"@type\":\"WebPage\",\"@id\":\"https:\\\/\\\/www.fanfani.me\\\/sr\\\/zatvoreni-granicni-prelazi-korona-srbija-crna-gora-bosna-i-hercegovina-hrvatska\\\/\",\"url\":\"https:\\\/\\\/www.fanfani.me\\\/sr\\\/zatvoreni-granicni-prelazi-korona-srbija-crna-gora-bosna-i-hercegovina-hrvatska\\\/\",\"name\":\"Korona virus GRANI\u010cNI PRELAZI Srbija, Crna Gora, Hrvatska BiH\",\"isPartOf\":{\"@id\":\"https:\\\/\\\/www.fanfani.me\\\/sr\\\/#website\"},\"primaryImageOfPage\":{\"@id\":\"https:\\\/\\\/www.fanfani.me\\\/sr\\\/zatvoreni-granicni-prelazi-korona-srbija-crna-gora-bosna-i-hercegovina-hrvatska\\\/#primaryimage\"},\"image\":{\"@id\":\"https:\\\/\\\/www.fanfani.me\\\/sr\\\/zatvoreni-granicni-prelazi-korona-srbija-crna-gora-bosna-i-hercegovina-hrvatska\\\/#primaryimage\"},\"thumbnailUrl\":\"https:\\\/\\\/www.fanfani.me\\\/wp-content\\\/uploads\\\/2020\\\/03\\\/otvorenigrani\u010dniprelazicrnagorakoronaviruscovid19.jpg\",\"datePublished\":\"2020-03-14T19:29:48+00:00\",\"dateModified\":\"2020-05-31T20:14:09+00:00\",\"description\":\"U cilju suzbijanja koronavirusa Srbija, Crna Gora, Hrvatska i Bosna i Hercegovina su privremeno zatvorile GRANI\u010cNE PRELAZE. Koji su prelazi zatvoreni?\",\"breadcrumb\":{\"@id\":\"https:\\\/\\\/www.fanfani.me\\\/sr\\\/zatvoreni-granicni-prelazi-korona-srbija-crna-gora-bosna-i-hercegovina-hrvatska\\\/#breadcrumb\"},\"inLanguage\":\"en-US\",\"potentialAction\":[{\"@type\":\"ReadAction\",\"target\":[\"https:\\\/\\\/www.fanfani.me\\\/sr\\\/zatvoreni-granicni-prelazi-korona-srbija-crna-gora-bosna-i-hercegovina-hrvatska\\\/\"]}]},{\"@type\":\"ImageObject\",\"inLanguage\":\"en-US\",\"@id\":\"https:\\\/\\\/www.fanfani.me\\\/sr\\\/zatvoreni-granicni-prelazi-korona-srbija-crna-gora-bosna-i-hercegovina-hrvatska\\\/#primaryimage\",\"url\":\"https:\\\/\\\/www.fanfani.me\\\/wp-content\\\/uploads\\\/2020\\\/03\\\/otvorenigrani\u010dniprelazicrnagorakoronaviruscovid19.jpg\",\"contentUrl\":\"https:\\\/\\\/www.fanfani.me\\\/wp-content\\\/uploads\\\/2020\\\/03\\\/otvorenigrani\u010dniprelazicrnagorakoronaviruscovid19.jpg\",\"width\":1000,\"height\":512,\"caption\":\"Ve\u0107ina crnogorskih grani\u010dnih prelaza je OTVORENA!\"},{\"@type\":\"BreadcrumbList\",\"@id\":\"https:\\\/\\\/www.fanfani.me\\\/sr\\\/zatvoreni-granicni-prelazi-korona-srbija-crna-gora-bosna-i-hercegovina-hrvatska\\\/#breadcrumb\",\"itemListElement\":[{\"@type\":\"ListItem\",\"position\":1,\"name\":\"\u041f\u043e\u0447\u0435\u0442\u043d\u0430\",\"item\":\"https:\\\/\\\/www.fanfani.me\\\/en\\\/\"},{\"@type\":\"ListItem\",\"position\":2,\"name\":\"Auto mape\",\"item\":\"https:\\\/\\\/www.fanfani.me\\\/sr\\\/category\\\/auto-mape-cover\\\/\"},{\"@type\":\"ListItem\",\"position\":3,\"name\":\"Korona Granice\"}]},{\"@type\":\"WebSite\",\"@id\":\"https:\\\/\\\/www.fanfani.me\\\/sr\\\/#website\",\"url\":\"https:\\\/\\\/www.fanfani.me\\\/sr\\\/\",\"name\":\"Neda Fanfani\",\"description\":\"Apartmani Neda Fanfani Djenovici - Privatni Smestaj Crna Gora\",\"publisher\":{\"@id\":\"https:\\\/\\\/www.fanfani.me\\\/sr\\\/#organization\"},\"potentialAction\":[{\"@type\":\"SearchAction\",\"target\":{\"@type\":\"EntryPoint\",\"urlTemplate\":\"https:\\\/\\\/www.fanfani.me\\\/sr\\\/?s={search_term_string}\"},\"query-input\":{\"@type\":\"PropertyValueSpecification\",\"valueRequired\":true,\"valueName\":\"search_term_string\"}}],\"inLanguage\":\"en-US\"},{\"@type\":\"Organization\",\"@id\":\"https:\\\/\\\/www.fanfani.me\\\/sr\\\/#organization\",\"name\":\"Apartmani Neda Fanfani Djenovici\",\"url\":\"https:\\\/\\\/www.fanfani.me\\\/sr\\\/\",\"logo\":{\"@type\":\"ImageObject\",\"inLanguage\":\"en-US\",\"@id\":\"https:\\\/\\\/www.fanfani.me\\\/sr\\\/#\\\/schema\\\/logo\\\/image\\\/\",\"url\":\"https:\\\/\\\/www.fanfani.me\\\/wp-content\\\/uploads\\\/2020\\\/04\\\/apartmani-neda-fanfani-djenovici-1024x216-1.png\",\"contentUrl\":\"https:\\\/\\\/www.fanfani.me\\\/wp-content\\\/uploads\\\/2020\\\/04\\\/apartmani-neda-fanfani-djenovici-1024x216-1.png\",\"width\":1024,\"height\":216,\"caption\":\"Apartmani Neda Fanfani Djenovici\"},\"image\":{\"@id\":\"https:\\\/\\\/www.fanfani.me\\\/sr\\\/#\\\/schema\\\/logo\\\/image\\\/\"},\"sameAs\":[\"https:\\\/\\\/www.facebook.com\\\/Apartmani.Djenovici\\\/\",\"https:\\\/\\\/www.youtube.com\\\/user\\\/FanfaniDjenovici\"]},{\"@type\":\"Person\",\"@id\":\"https:\\\/\\\/www.fanfani.me\\\/sr\\\/#\\\/schema\\\/person\\\/9f570ae7a383285d5eb5b1782c0e2abf\",\"name\":\"backo\",\"url\":\"https:\\\/\\\/www.fanfani.me\\\/en\\\/author\\\/backo\\\/\"}]}<\/script>\n<!-- \/ Yoast SEO plugin. -->","yoast_head_json":{"title":"Korona virus GRANI\u010cNI PRELAZI Srbija, Crna Gora, Hrvatska BiH","description":"U cilju suzbijanja koronavirusa Srbija, Crna Gora, Hrvatska i Bosna i Hercegovina su privremeno zatvorile GRANI\u010cNE PRELAZE. Koji su prelazi zatvoreni?","robots":{"index":"index","follow":"follow","max-snippet":"max-snippet:-1","max-image-preview":"max-image-preview:large","max-video-preview":"max-video-preview:-1"},"canonical":"https:\/\/www.fanfani.me\/sr\/zatvoreni-granicni-prelazi-korona-srbija-crna-gora-bosna-i-hercegovina-hrvatska\/","og_locale":"en_US","og_type":"article","og_title":"Korona virus GRANI\u010cNI PRELAZI Srbija, Crna Gora, Hrvatska BiH","og_description":"U cilju suzbijanja koronavirusa Srbija, Crna Gora, Hrvatska i Bosna i Hercegovina su privremeno zatvorile GRANI\u010cNE PRELAZE. Koji su prelazi zatvoreni?","og_url":"https:\/\/www.fanfani.me\/sr\/zatvoreni-granicni-prelazi-korona-srbija-crna-gora-bosna-i-hercegovina-hrvatska\/","og_site_name":"Neda Fanfani","article_publisher":"https:\/\/www.facebook.com\/Apartmani.Djenovici\/","article_published_time":"2020-03-14T19:29:48+00:00","article_modified_time":"2020-05-31T20:14:09+00:00","og_image":[{"width":1000,"height":512,"url":"https:\/\/www.fanfani.me\/wp-content\/uploads\/2020\/03\/otvorenigrani\u010dniprelazicrnagorakoronaviruscovid19.jpg","type":"image\/jpeg"}],"author":"backo","twitter_card":"summary_large_image","twitter_misc":{"Written by":"backo","Est. reading time":"4 minutes"},"schema":{"@context":"https:\/\/schema.org","@graph":[{"@type":"Article","@id":"https:\/\/www.fanfani.me\/sr\/zatvoreni-granicni-prelazi-korona-srbija-crna-gora-bosna-i-hercegovina-hrvatska\/#article","isPartOf":{"@id":"https:\/\/www.fanfani.me\/sr\/zatvoreni-granicni-prelazi-korona-srbija-crna-gora-bosna-i-hercegovina-hrvatska\/"},"author":{"name":"backo","@id":"https:\/\/www.fanfani.me\/sr\/#\/schema\/person\/9f570ae7a383285d5eb5b1782c0e2abf"},"headline":"Korona Granice","datePublished":"2020-03-14T19:29:48+00:00","dateModified":"2020-05-31T20:14:09+00:00","mainEntityOfPage":{"@id":"https:\/\/www.fanfani.me\/sr\/zatvoreni-granicni-prelazi-korona-srbija-crna-gora-bosna-i-hercegovina-hrvatska\/"},"wordCount":894,"publisher":{"@id":"https:\/\/www.fanfani.me\/sr\/#organization"},"image":{"@id":"https:\/\/www.fanfani.me\/sr\/zatvoreni-granicni-prelazi-korona-srbija-crna-gora-bosna-i-hercegovina-hrvatska\/#primaryimage"},"thumbnailUrl":"https:\/\/www.fanfani.me\/wp-content\/uploads\/2020\/03\/otvorenigrani\u010dniprelazicrnagorakoronaviruscovid19.jpg","articleSection":["Auto mape"],"inLanguage":"en-US"},{"@type":"WebPage","@id":"https:\/\/www.fanfani.me\/sr\/zatvoreni-granicni-prelazi-korona-srbija-crna-gora-bosna-i-hercegovina-hrvatska\/","url":"https:\/\/www.fanfani.me\/sr\/zatvoreni-granicni-prelazi-korona-srbija-crna-gora-bosna-i-hercegovina-hrvatska\/","name":"Korona virus GRANI\u010cNI PRELAZI Srbija, Crna Gora, Hrvatska BiH","isPartOf":{"@id":"https:\/\/www.fanfani.me\/sr\/#website"},"primaryImageOfPage":{"@id":"https:\/\/www.fanfani.me\/sr\/zatvoreni-granicni-prelazi-korona-srbija-crna-gora-bosna-i-hercegovina-hrvatska\/#primaryimage"},"image":{"@id":"https:\/\/www.fanfani.me\/sr\/zatvoreni-granicni-prelazi-korona-srbija-crna-gora-bosna-i-hercegovina-hrvatska\/#primaryimage"},"thumbnailUrl":"https:\/\/www.fanfani.me\/wp-content\/uploads\/2020\/03\/otvorenigrani\u010dniprelazicrnagorakoronaviruscovid19.jpg","datePublished":"2020-03-14T19:29:48+00:00","dateModified":"2020-05-31T20:14:09+00:00","description":"U cilju suzbijanja koronavirusa Srbija, Crna Gora, Hrvatska i Bosna i Hercegovina su privremeno zatvorile GRANI\u010cNE PRELAZE. Koji su prelazi zatvoreni?","breadcrumb":{"@id":"https:\/\/www.fanfani.me\/sr\/zatvoreni-granicni-prelazi-korona-srbija-crna-gora-bosna-i-hercegovina-hrvatska\/#breadcrumb"},"inLanguage":"en-US","potentialAction":[{"@type":"ReadAction","target":["https:\/\/www.fanfani.me\/sr\/zatvoreni-granicni-prelazi-korona-srbija-crna-gora-bosna-i-hercegovina-hrvatska\/"]}]},{"@type":"ImageObject","inLanguage":"en-US","@id":"https:\/\/www.fanfani.me\/sr\/zatvoreni-granicni-prelazi-korona-srbija-crna-gora-bosna-i-hercegovina-hrvatska\/#primaryimage","url":"https:\/\/www.fanfani.me\/wp-content\/uploads\/2020\/03\/otvorenigrani\u010dniprelazicrnagorakoronaviruscovid19.jpg","contentUrl":"https:\/\/www.fanfani.me\/wp-content\/uploads\/2020\/03\/otvorenigrani\u010dniprelazicrnagorakoronaviruscovid19.jpg","width":1000,"height":512,"caption":"Ve\u0107ina crnogorskih grani\u010dnih prelaza je OTVORENA!"},{"@type":"BreadcrumbList","@id":"https:\/\/www.fanfani.me\/sr\/zatvoreni-granicni-prelazi-korona-srbija-crna-gora-bosna-i-hercegovina-hrvatska\/#breadcrumb","itemListElement":[{"@type":"ListItem","position":1,"name":"\u041f\u043e\u0447\u0435\u0442\u043d\u0430","item":"https:\/\/www.fanfani.me\/en\/"},{"@type":"ListItem","position":2,"name":"Auto mape","item":"https:\/\/www.fanfani.me\/sr\/category\/auto-mape-cover\/"},{"@type":"ListItem","position":3,"name":"Korona Granice"}]},{"@type":"WebSite","@id":"https:\/\/www.fanfani.me\/sr\/#website","url":"https:\/\/www.fanfani.me\/sr\/","name":"Neda Fanfani","description":"Apartmani Neda Fanfani Djenovici - Privatni Smestaj Crna Gora","publisher":{"@id":"https:\/\/www.fanfani.me\/sr\/#organization"},"potentialAction":[{"@type":"SearchAction","target":{"@type":"EntryPoint","urlTemplate":"https:\/\/www.fanfani.me\/sr\/?s={search_term_string}"},"query-input":{"@type":"PropertyValueSpecification","valueRequired":true,"valueName":"search_term_string"}}],"inLanguage":"en-US"},{"@type":"Organization","@id":"https:\/\/www.fanfani.me\/sr\/#organization","name":"Apartmani Neda Fanfani Djenovici","url":"https:\/\/www.fanfani.me\/sr\/","logo":{"@type":"ImageObject","inLanguage":"en-US","@id":"https:\/\/www.fanfani.me\/sr\/#\/schema\/logo\/image\/","url":"https:\/\/www.fanfani.me\/wp-content\/uploads\/2020\/04\/apartmani-neda-fanfani-djenovici-1024x216-1.png","contentUrl":"https:\/\/www.fanfani.me\/wp-content\/uploads\/2020\/04\/apartmani-neda-fanfani-djenovici-1024x216-1.png","width":1024,"height":216,"caption":"Apartmani Neda Fanfani Djenovici"},"image":{"@id":"https:\/\/www.fanfani.me\/sr\/#\/schema\/logo\/image\/"},"sameAs":["https:\/\/www.facebook.com\/Apartmani.Djenovici\/","https:\/\/www.youtube.com\/user\/FanfaniDjenovici"]},{"@type":"Person","@id":"https:\/\/www.fanfani.me\/sr\/#\/schema\/person\/9f570ae7a383285d5eb5b1782c0e2abf","name":"backo","url":"https:\/\/www.fanfani.me\/en\/author\/backo\/"}]}},"_links":{"self":[{"href":"https:\/\/www.fanfani.me\/en\/wp-json\/wp\/v2\/posts\/5633","targetHints":{"allow":["GET"]}}],"collection":[{"href":"https:\/\/www.fanfani.me\/en\/wp-json\/wp\/v2\/posts"}],"about":[{"href":"https:\/\/www.fanfani.me\/en\/wp-json\/wp\/v2\/types\/post"}],"author":[{"embeddable":true,"href":"https:\/\/www.fanfani.me\/en\/wp-json\/wp\/v2\/users\/1"}],"replies":[{"embeddable":true,"href":"https:\/\/www.fanfani.me\/en\/wp-json\/wp\/v2\/comments?post=5633"}],"version-history":[{"count":0,"href":"https:\/\/www.fanfani.me\/en\/wp-json\/wp\/v2\/posts\/5633\/revisions"}],"wp:featuredmedia":[{"embeddable":true,"href":"https:\/\/www.fanfani.me\/en\/wp-json\/wp\/v2\/media\/5634"}],"wp:attachment":[{"href":"https:\/\/www.fanfani.me\/en\/wp-json\/wp\/v2\/media?parent=5633"}],"wp:term":[{"taxonomy":"category","embeddable":true,"href":"https:\/\/www.fanfani.me\/en\/wp-json\/wp\/v2\/categories?post=5633"},{"taxonomy":"post_tag","embeddable":true,"href":"https:\/\/www.fanfani.me\/en\/wp-json\/wp\/v2\/tags?post=5633"}],"curies":[{"name":"wp","href":"https:\/\/api.w.org\/{rel}","templated":true}]}}