{"id":4543,"date":"2018-10-19T18:38:29","date_gmt":"2018-10-19T18:38:29","guid":{"rendered":"https:\/\/www.fanfani.me\/?p=4543"},"modified":"2025-12-16T09:36:50","modified_gmt":"2025-12-16T09:36:50","slug":"docek-nove-godine-kotor-budva-tivat-herceg-novi","status":"publish","type":"post","link":"https:\/\/www.fanfani.me\/sr\/docek-nove-godine-kotor-budva-tivat-herceg-novi\/","title":{"rendered":"Do\u010dek Nove godine: Herceg Novi, Tivat, Kotor i Budva. Gde za Novu godinu?"},"content":{"rendered":"\n<h2 class=\"wp-block-heading\">Gde za Novu godinu? Do\u010dek i proslava Nove 2026 Boka Kotorska na otvorenom u Budvi, Novom, PortoNovom, Tivtu i Kotoru.<\/h2>\n\n\n\n<p>Provedite se i odmorite u jednom od najljepsih zaliva svijeta. <\/p>\n\n\n\n<script type=\"application\/ld+json\">\n[\n  {\n    \"@context\": \"https:\/\/schema.org\",\n    \"@type\": \"Event\",\n    \"name\": \"Do\u010dek Nove 2026. godine Herceg Novi\",\n    \"startDate\": \"2025-12-31T21:00:00\",\n    \"endDate\": \"2026-01-01T01:00:00\",\n    \"eventStatus\": \"https:\/\/schema.org\/EventScheduled\",\n    \"eventAttendanceMode\": \"https:\/\/schema.org\/OfflineEventAttendanceMode\",\n    \"location\": {\n      \"@type\": \"Place\",\n      \"name\": \"Trg Nikole \u0110urkovi\u0107a\",\n      \"address\": {\n        \"@type\": \"PostalAddress\",\n        \"streetAddress\": \"Trg Nikole \u0110urkovi\u0107a\",\n        \"addressLocality\": \"Herceg Novi\",\n        \"addressRegion\": \"Boka Kotorska\",\n        \"addressCountry\": \"ME\"\n      }\n    },\n    \"description\": \"Central New Year's Eve concert in Herceg Novi featuring Haris D\u017einovi\u0107 and Neda Ukraden. This is part of a three-day program running until January 2nd.\",\n    \"performer\": [\n      {\n        \"@type\": \"MusicGroup\",\n        \"name\": \"Haris D\u017einovi\u0107\"\n      },\n      {\n        \"@type\": \"MusicGroup\",\n        \"name\": \"Neda Ukraden\"\n      }\n    ],\n    \"offers\": {\n      \"@type\": \"Offer\",\n      \"price\": \"0\",\n      \"priceCurrency\": \"EUR\",\n      \"availability\": \"https:\/\/schema.org\/InStock\",\n      \"url\": \"https:\/\/www.fanfani.me\/sr\/docek-nove-godine-kotor-budva-tivat-herceg-novi\/\"\n    }\n  },\n  {\n    \"@context\": \"https:\/\/schema.org\",\n    \"@type\": \"Event\",\n    \"name\": \"Do\u010dek Nove Godine 2026. Budva\",\n    \"startDate\": \"2025-12-31T21:00:00\",\n    \"endDate\": \"2026-01-01T01:00:00\",\n    \"eventStatus\": \"https:\/\/schema.org\/EventScheduled\",\n    \"eventAttendanceMode\": \"https:\/\/schema.org\/OfflineEventAttendanceMode\",\n    \"location\": {\n      \"@type\": \"Place\",\n      \"name\": \"Trg ispred Starog grada Budva\",\n      \"address\": {\n        \"@type\": \"PostalAddress\",\n        \"streetAddress\": \"Trg ispred Starog grada\",\n        \"addressLocality\": \"Budva\",\n        \"addressRegion\": \"Primorska\",\n        \"addressCountry\": \"ME\"\n      }\n    },\n    \"description\": \"The main New Year's Eve celebration in Budva, part of a seven-day program (Dec 29 - Jan 4), featuring Teodora \u0160\u0107epanovi\u0107, Emina Jahovi\u0107, and Aco Pejovi\u0107.\",\n    \"performer\": [\n      {\n        \"@type\": \"MusicGroup\",\n        \"name\": \"Teodora \u0160\u0107epanovi\u0107\"\n      },\n      {\n        \"@type\": \"MusicGroup\",\n        \"name\": \"Emina Jahovi\u0107\"\n      },\n      {\n        \"@type\": \"MusicGroup\",\n        \"name\": \"Aco Pejovi\u0107\"\n      }\n    ],\n    \"offers\": {\n      \"@type\": \"Offer\",\n      \"price\": \"0\",\n      \"priceCurrency\": \"EUR\",\n      \"availability\": \"https:\/\/schema.org\/InStock\",\n      \"url\": \"https:\/\/www.fanfani.me\/sr\/docek-nove-godine-kotor-budva-tivat-herceg-novi\/\"\n    }\n  },\n  {\n    \"@context\": \"https:\/\/schema.org\",\n    \"@type\": \"Event\",\n    \"name\": \"Do\u010dek Nove 2026. godine Tivat: Lepa Brena\",\n    \"startDate\": \"2025-12-31T22:00:00\",\n    \"endDate\": \"2026-01-01T01:00:00\",\n    \"eventStatus\": \"https:\/\/schema.org\/EventScheduled\",\n    \"eventAttendanceMode\": \"https:\/\/schema.org\/OfflineEventAttendanceMode\",\n    \"location\": {\n      \"@type\": \"Place\",\n      \"name\": \"Pine\",\n      \"address\": {\n        \"@type\": \"PostalAddress\",\n        \"streetAddress\": \"Obala Mar\u0161ala Tita (Pine)\", \n        \"addressLocality\": \"Tivat\",\n        \"addressRegion\": \"Boka Kotorska\",\n        \"addressCountry\": \"ME\"\n      }\n    },\n    \"description\": \"The central New Year's Eve concert in Tivat featuring Lepa Brena, as part of a four-day festival program.\",\n    \"performer\": {\n      \"@type\": \"MusicGroup\",\n      \"name\": \"Lepa Brena\"\n    },\n    \"offers\": {\n      \"@type\": \"Offer\",\n      \"price\": \"0\",\n      \"priceCurrency\": \"EUR\",\n      \"availability\": \"https:\/\/schema.org\/InStock\",\n      \"url\": \"https:\/\/www.fanfani.me\/sr\/docek-nove-godine-kotor-budva-tivat-herceg-novi\/\"\n    }\n  },\n  {\n    \"@context\": \"https:\/\/schema.org\",\n    \"@type\": \"Event\",\n    \"name\": \"Do\u010dek Nove Godine 2026. Kotor: Parni Valjak\",\n    \"startDate\": \"2025-12-31T21:00:00\",\n    \"endDate\": \"2026-01-01T01:00:00\",\n    \"eventStatus\": \"https:\/\/schema.org\/EventScheduled\",\n    \"eventAttendanceMode\": \"https:\/\/schema.org\/OfflineEventAttendanceMode\",\n    \"location\": {\n      \"@type\": \"Place\",\n      \"name\": \"Stari Grad Kotor\",\n      \"address\": {\n        \"@type\": \"PostalAddress\",\n        \"streetAddress\": \"Trg od Oru\u017eja\",\n        \"addressLocality\": \"Kotor\",\n        \"addressRegion\": \"Boka Kotorska\",\n        \"addressCountry\": \"ME\"\n      }\n    },\n    \"description\": \"New Year's Eve concert featuring Ansambl To\u0107 and Parni Valjak, as part of the extended Kotor Winter Fest running from November 29th to January 31st.\",\n    \"performer\": [\n      {\n        \"@type\": \"MusicGroup\",\n        \"name\": \"Ansambl To\u0107\"\n      },\n      {\n        \"@type\": \"MusicGroup\",\n        \"name\": \"Parni Valjak\"\n      }\n    ],\n    \"offers\": {\n      \"@type\": \"Offer\",\n      \"price\": \"0\",\n      \"priceCurrency\": \"EUR\",\n      \"availability\": \"https:\/\/schema.org\/InStock\",\n      \"url\": \"https:\/\/www.fanfani.me\/sr\/docek-nove-godine-kotor-budva-tivat-herceg-novi\/\"\n    }\n  }\n]\n<\/script>\n\n\n\n<figure class=\"wp-block-image alignwide size-large\"><img decoding=\"async\" width=\"1024\" height=\"585\" data-src=\"https:\/\/www.fanfani.me\/wp-content\/uploads\/2018\/10\/docek-nove-godine-2025-crna-gora-herceg-novi-portonovi-kotor-tivat-budva-program-1024x585.jpeg\" alt=\"docek nove godine program\" class=\"wp-image-15408 lazyload\" data-srcset=\"https:\/\/www.fanfani.me\/wp-content\/uploads\/2018\/10\/docek-nove-godine-2025-crna-gora-herceg-novi-portonovi-kotor-tivat-budva-program-1024x585.jpeg 1024w, https:\/\/www.fanfani.me\/wp-content\/uploads\/2018\/10\/docek-nove-godine-2025-crna-gora-herceg-novi-portonovi-kotor-tivat-budva-program-300x171.jpeg 300w, https:\/\/www.fanfani.me\/wp-content\/uploads\/2018\/10\/docek-nove-godine-2025-crna-gora-herceg-novi-portonovi-kotor-tivat-budva-program-768x439.jpeg 768w, https:\/\/www.fanfani.me\/wp-content\/uploads\/2018\/10\/docek-nove-godine-2025-crna-gora-herceg-novi-portonovi-kotor-tivat-budva-program-1536x878.jpeg 1536w, https:\/\/www.fanfani.me\/wp-content\/uploads\/2018\/10\/docek-nove-godine-2025-crna-gora-herceg-novi-portonovi-kotor-tivat-budva-program.jpeg 1792w\" data-sizes=\"(max-width: 1024px) 100vw, 1024px\" src=\"data:image\/svg+xml;base64,PHN2ZyB3aWR0aD0iMSIgaGVpZ2h0PSIxIiB4bWxucz0iaHR0cDovL3d3dy53My5vcmcvMjAwMC9zdmciPjwvc3ZnPg==\" style=\"--smush-placeholder-width: 1024px; --smush-placeholder-aspect-ratio: 1024\/585;\" \/><figcaption class=\"wp-element-caption\">Ilustracija Boke sa vatrometom. <\/figcaption><\/figure>\n\n\n<div class=\"wp-block-image is-style-default\">\n<figure class=\"aligncenter size-full\"><a href=\"https:\/\/www.fanfani.me\/wp-content\/uploads\/2022\/12\/docek-nove-godine-crna-gora-program-budva-herceg-novi-kotor-tivat.png\"><img decoding=\"async\" width=\"1024\" height=\"71\" data-src=\"https:\/\/www.fanfani.me\/wp-content\/uploads\/2022\/12\/docek-nove-godine-crna-gora-program-budva-herceg-novi-kotor-tivat.png\" alt=\"docek nove godine program budva, herceg novi, kotor, tivat\" class=\"wp-image-11706 lazyload\" data-srcset=\"https:\/\/www.fanfani.me\/wp-content\/uploads\/2022\/12\/docek-nove-godine-crna-gora-program-budva-herceg-novi-kotor-tivat.png 1024w, https:\/\/www.fanfani.me\/wp-content\/uploads\/2022\/12\/docek-nove-godine-crna-gora-program-budva-herceg-novi-kotor-tivat-300x21.png 300w, https:\/\/www.fanfani.me\/wp-content\/uploads\/2022\/12\/docek-nove-godine-crna-gora-program-budva-herceg-novi-kotor-tivat-768x53.png 768w\" data-sizes=\"(max-width: 1024px) 100vw, 1024px\" src=\"data:image\/svg+xml;base64,PHN2ZyB3aWR0aD0iMSIgaGVpZ2h0PSIxIiB4bWxucz0iaHR0cDovL3d3dy53My5vcmcvMjAwMC9zdmciPjwvc3ZnPg==\" style=\"--smush-placeholder-width: 1024px; --smush-placeholder-aspect-ratio: 1024\/71;\" \/><\/a><figcaption class=\"wp-element-caption\">2026<\/figcaption><\/figure>\n<\/div>\n\n\n<h2 class=\"wp-block-heading\">Nova godina u Boki Kotorskoj<\/h2>\n\n\n\n<h3 class=\"wp-block-heading\">Vodi\u010d za one koji ho\u0107e odmor, muziku, more i prostor da di\u0161u<\/h3>\n\n\n\n<p>Dok se u ve\u0107ini gradova Nova godina pretvara u preskupu obavezu \u2013 stolove koji se rezervi\u0161u mjesecima unaprijed, karte koje nestaju i gu\u017eve koje gu\u0161e \u2013 u Boki Kotorskoj praznik ostaje ono \u0161to treba da bude: otvoren, dostupan i ljudski. Ovdje se Nova godina do\u010dekuje na trgovima, uz more, pod svjetlima gradova koji zimi ne glume luksuz, ve\u0107 nude iskustvo.<\/p>\n\n\n\n<p>Boka. Sve je blizu, cijene su razumnije nego drugdje, a izbor ogroman. Mo\u017ee\u0161 birati energiju ili mir, veliku binu ili \u0161etnju uz zaliv \u2013 bez potrebe da plati\u0161 da bi se uklopio.<\/p>\n\n\n\n<h3 class=\"wp-block-heading\">Kotor \u2013 Nova godina sa te\u017einom i stilom<\/h3>\n\n\n\n<p>Ako \u017eeli\u0161 do\u010dek koji ima smisao, a ne galamu, Kotor je tvoj grad. U Starom gradu, me\u0111u zidinama koje pamte vijekove, Nova godina sti\u017ee uz Ansambl To\u0107 i Parni Valjak, dok se slavlje nastavlja i prvog januara. Ovdje se ne tr\u010di \u2013 ovdje se stoji, slu\u0161a i osje\u0107a trenutak.<\/p>\n\n\n\n<h3 class=\"wp-block-heading\">Budva \u2013 sedam dana muzike, bez pauze<\/h3>\n\n\n\n<p>Budva je najdu\u017ee slavlje u Crnoj Gori. Sedam dana koncerata, razli\u010diti \u017eanrovi i energija koja traje od jutra do ve\u010deri. Do\u010dek uz Teodoru \u0160\u0107epanovi\u0107, Eminu Jahovi\u0107 i Aca Pejovi\u0107a, a ve\u0107 sjutradan Bijelo Dugme. Ako voli\u0161 izbor i \u017eeli\u0161 da se uvijek mo\u017ee\u0161 pomjeriti korak dalje od gu\u017eve \u2013 Budva to omogu\u0107ava.<\/p>\n\n\n\n<h3 class=\"wp-block-heading\">Tivat \u2013 velika imena, mirniji ritam<\/h3>\n\n\n\n<p>Tivat je idealan za one koji \u017eele vrhunski koncert, ali ne \u017eele haos. Program je raspore\u0111en pametno: Sa\u0161a Mati\u0107 za zagrijavanje, <a href=\"https:\/\/www.fanfani.me\/sr\/kulturna-desvanja\/januar\/tivat-nova-godina-docek\/\">Lepa Brena za do\u010dek Nove 2026<\/a>, a potom Jelena Rozga i Toni Cetinski. Sve je blizu, uredno i dovoljno prostrano da u\u017eiva\u0161 bez guranja.<\/p>\n\n\n\n<h3 class=\"wp-block-heading\">Herceg Novi \u2013 slavlje koje traje<\/h3>\n\n\n\n<p>Ovdje Nova godina ne stane u jednu no\u0107. Za do\u010dek pjevaju <a href=\"https:\/\/www.fanfani.me\/sr\/kulturna-desvanja\/januar\/docek-nove-godine-herceg-novi-program-satnica\/\">Haris D\u017einovi\u0107 i Neda Ukraden<\/a>, prvi dan Nove godine \u017deljko Samard\u017ei\u0107 i Vesna Zmijanac, a zatvaranje D\u017eenan Lon\u010darevi\u0107 i Tropico Band. Grad je \u0161irok, \u0161etali\u0161ta duga, a atmosfera opu\u0161tena \u2013 idealno za one koji vole muziku, ali i pauzu izme\u0111u koncerata.<\/p>\n\n\n\n<h3 class=\"wp-block-heading\">Portonovi \u2013 Nova godina bez buke<\/h3>\n\n\n\n<p>Portonovi je odgovor za one koji \u017eele praznik, ali ne i masu. Klizali\u0161te pored mora, prazni\u010dni bazar, diskretni DJ setovi, \u0161etnje uz marinu i programi koji traju od decembra do januara. Ovdje se Nova godina ne juri \u2013 ona se do\u010deka polako, uz pogled na zaliv.<\/p>\n\n\n\n<p>Po gradovima<\/p>\n\n\n\n<h2 class=\"wp-block-heading\">Tivat &#8211; Lepa Brena<\/h2>\n\n\n\n<p><\/p>\n\n\n\n<figure class=\"wp-block-table\"><table class=\"has-fixed-layout\"><thead><tr><th>Datum<\/th><th>Izvo\u0111a\u010d<\/th><th>Doga\u0111aj<\/th><\/tr><\/thead><tbody><tr><td>30. decembar 2025<\/td><td>Sa\u0161a Mati\u0107<\/td><td>Zagrijavanje pred do\u010dek<\/td><\/tr><tr><td><strong>31. decembar 2025<\/strong><\/td><td>Lepa Brena<\/td><td>Do\u010dek Nove 2026. godine<\/td><\/tr><tr><td>1. januar 2026<\/td><td>Jelena Rozga<\/td><td>Novogodi\u0161nji koncert<\/td><\/tr><tr><td>2. januar 2026<\/td><td>Toni Cetinski<\/td><td>Novogodi\u0161nji koncert<\/td><\/tr><\/tbody><\/table><\/figure>\n\n\n\n<p><a href=\"https:\/\/www.fanfani.me\/sr\/kulturna-desvanja\/januar\/tivat-nova-godina-docek\/\"><strong>Tivat<\/strong> docek \u2192 Do\u010dek sa <strong>Lepom Brenom<\/strong>, uz <strong>Sa\u0161u Mati\u0107a<\/strong> i <strong>Tonija Cetinskog<\/strong><\/a><\/p>\n\n\n\n<h2 class=\"wp-block-heading\">Herceg Novi, <strong>Haris D\u017einovi\u0107, Neda Ukraden<\/strong><\/h2>\n\n\n\n<figure class=\"wp-block-table\"><table class=\"has-fixed-layout\"><thead><tr><th>Datum<\/th><th>Izvo\u0111a\u010d(i)<\/th><th>Doga\u0111aj<\/th><\/tr><\/thead><tbody><tr><td><strong>31. decembar 2025<\/strong><\/td><td><strong>Haris D\u017einovi\u0107, Neda Ukraden<\/strong><\/td><td>Do\u010dek Nove 2026. godine<\/td><\/tr><tr><td>1. januar 2026 (podne)<\/td><td>Kamerni orkestar Herceg Novi<\/td><td>Dnevni koncert<\/td><\/tr><tr><td>1. januar 2026 (ve\u010de)<\/td><td>\u017deljko Samard\u017ei\u0107, Vesna Zmijanac<\/td><td>Novogodi\u0161nji koncert<\/td><\/tr><tr><td>2. januar 2026<\/td><td>D\u017eenan Lon\u010darevi\u0107, Tropico Band<\/td><td>Zatvaranje trodnevnog programa<\/td><\/tr><\/tbody><\/table><\/figure>\n\n\n\n<h2 class=\"wp-block-heading\"><a href=\"https:\/\/www.fanfani.me\/sr\/portonovi-nova-godina-bazar-koncerti-desavanja\/\">PortoNovi Herceg Novi docek i program<\/a> <\/h2>\n\n\n\n<p><a href=\"https:\/\/www.fanfani.me\/sr\/djenovici\/portonovi-djenovici-kumbor\/#portonovi-novagodina\">Klizaliste pored mora \ud83d\ude42<\/a><\/p>\n\n\n\n<figure class=\"wp-block-table\"><table class=\"has-fixed-layout\"><thead><tr><td><strong>Datum \/ Period<\/strong><\/td><td><strong>Doga\u0111aj \/ Opis<\/strong><\/td><td><strong>Vrijeme<\/strong><\/td><td><strong>Lokacija \/ Napomena<\/strong><\/td><\/tr><\/thead><tbody><tr><td><strong>1. Dec 2025.<\/strong><\/td><td>Caminetti Winter Terrace \u2014 &#8222;Special Menu&#8220;<\/td><td>16:00 \u2013 23:00<\/td><td>Caminetti, One&amp;Only Portonovi<\/td><\/tr><tr><td><strong>6. Dec 2025.<\/strong><\/td><td>New Year Tree Lighting Ceremony 2025-2026<\/td><td>17:00<\/td><td>Marina Square (Ceremonija paljenja jelke)<\/td><\/tr><tr><td><strong>7. Dec 2025.<\/strong><\/td><td>Tree Lighting Ceremony at One&amp;Only<\/td><td>19:00 \u2013 20:00<\/td><td>Lobby (Specijalna ceremonija)<\/td><\/tr><tr><td><strong>12. Dec 2025. \u2013 11. Jan 2026.<\/strong><\/td><td><strong>Portonovi Festive Market 2025\u20132026<\/strong><\/td><td>Svakodnevno<\/td><td>Marina Square (Prazni\u010dni bazar)<\/td><\/tr><tr><td><strong>12. Dec 2025. \u2013 11. Jan 2026.<\/strong><\/td><td><strong>Ice Skating at Portonovi Marina Square<\/strong><\/td><td><\/td><td>Marina Square (Klizali\u0161te)<\/td><\/tr><tr><td><strong>20. Dec 2025.<\/strong><\/td><td>Klapa Castel Nuovo &#8211; Festive<\/td><td>16:00 \u2013 18:00<\/td><td>Marina Square (Muzi\u010dki doga\u0111aj)<\/td><\/tr><tr><td><strong>20. Dec 2025. \u2013 21. Jan 2026.<\/strong><\/td><td>Festive Wellness Experiences<\/td><td><\/td><td>Chenot Espace Wellness SPA, One&amp;Only Portonovi<\/td><\/tr><tr><td><strong>24. Dec 2025.<\/strong><\/td><td>Santa Claus Arrival in Portonovi<\/td><td><\/td><td>Marina Square (Doga\u0111aj za djecu)<\/td><\/tr><tr><td><strong>24. Dec 2025.<\/strong><\/td><td>Christmas Eve Dinner at La Veranda<\/td><td>18:00 \u2013 22:00<\/td><td>La Veranda, One&amp;Only Portonovi (Sve\u010dana ve\u010dera)<\/td><\/tr><tr><td><strong>25. Dec 2025.<\/strong><\/td><td>Santa&#8217;s Arrival<\/td><td>10:00 \u2013 12:00<\/td><td>Lobby (Doga\u0111aj za djecu)<\/td><\/tr><tr><td><strong>25. Dec 2025.<\/strong><\/td><td>Christmas Day Lunch at Sabia<\/td><td>12:00 \u2013 16:00<\/td><td>Sabia (Bo\u017ei\u0107ni ru\u010dak)<\/td><\/tr><tr><td><strong>31. Dec 2025.<\/strong><\/td><td>DJ Session 2025-2026<\/td><td><\/td><td>Marina Square (Do\u010dek Nove godine)<\/td><\/tr><tr><td><strong>31. Dec 2025.<\/strong><\/td><td>Believe Ball<\/td><td>20:00 \u2013 00:00<\/td><td>La Veranda, One&amp;Only Portonovi (Proslava Nove godine)<\/td><\/tr><tr><td><strong>31. Dec 2025.<\/strong><\/td><td>White Party<\/td><td>20:00 \u2013 00:00<\/td><td>Sabia (Proslava Nove godine)<\/td><\/tr><tr><td><strong>31. Dec 2025.<\/strong><\/td><td>Masquerade New Year&#8217;s Party<\/td><td>20:00 \u2013 03:00<\/td><td>Tapasake, One&amp;Only Portonovi<\/td><\/tr><tr><td><strong>1. Jan 2026.<\/strong><\/td><td>DJ Danilo Radusinovi\u0107<\/td><td>od 15:00<\/td><td>Marina Square (Muzi\u010dki nastup)<\/td><\/tr><tr><td><strong>3. Jan 2026.<\/strong><\/td><td>Portonovi New Year&#8217;s Run 2026<\/td><td>od 15:00 do 19:00<\/td><td>Marina Square (Sportska trka)<\/td><\/tr><tr><td><strong>6. Jan 2026.<\/strong><\/td><td>DJ 6bitt<\/td><td>Vrijeme nije vnavedeno na sajtu<\/td><td>Marina Square (Muzi\u010dki doga\u0111aj)<\/td><\/tr><tr><td><strong>9. Jan 2026.<\/strong><\/td><td>Klapa Castel Nuovo &#8211; Festive<\/td><td>16:00-18:00<\/td><td>Marina Square (Muzi\u010dki doga\u0111aj)<\/td><\/tr><\/tbody><\/table><\/figure>\n\n\n\n<p><br><\/p>\n\n\n\n<p><a href=\"https:\/\/www.fanfani.me\/sr\/kulturna-desvanja\/januar\/docek-nove-godine-herceg-novi-program-satnica\/\"><strong>Herceg Novi<\/strong> \u2192 Trodnevni program sa <strong>Harisom D\u017einovi\u0107em<\/strong>, <strong>Nedom Ukraden<\/strong> i drugima<\/a><\/p>\n\n\n\n<h2 class=\"wp-block-heading\">Budva, Teodora \u0160\u0107epanovi\u0107, Emina Jahovi\u0107, <strong>Aco Pejovi\u0107<\/strong><\/h2>\n\n\n\n<figure class=\"wp-block-table\"><table class=\"has-fixed-layout\"><thead><tr><th>Datum<\/th><th>Izvo\u0111a\u010d(i)<\/th><th>Napomena<\/th><\/tr><\/thead><tbody><tr><td>29. decembar 2025<\/td><td>Pe\u0111a Medenica, Boban Rajovi\u0107, Jovana Paji\u0107, Mirza Selimovi\u0107<\/td><td>Otvaranje<\/td><\/tr><tr><td>30. decembar 2025<\/td><td>Zana, TAP 011, Sara Jovanovi\u0107, Marko Luis<\/td><td>Ve\u010de pop klasika<\/td><\/tr><tr><td>31. decembar 2025<\/td><td>Teodora \u0160\u0107epanovi\u0107, Emina Jahovi\u0107, <strong>Aco Pejovi\u0107<\/strong><\/td><td>Do\u010dek Nove godine<\/td><\/tr><tr><td>1. januar 2026<\/td><td>Chegi bend, Perper, <strong>Bijelo Dugme<\/strong><\/td><td>Novogodi\u0161nji koncert<\/td><\/tr><tr><td>2. januar 2026<\/td><td>Relja Popovi\u0107, Nikolija, Breskvica<\/td><td>Urbano ve\u010de<\/td><\/tr><tr><td>3. januar 2026<\/td><td>Lexington Band, Sergej \u0106etkovi\u0107<\/td><td>Romanti\u010dna no\u0107<\/td><\/tr><tr><td>4. januar 2026<\/td><td>Tribute Night (ABBA, AC\/DC, David Bowie)<\/td><td>Zatvaranje programa<\/td><\/tr><\/tbody><\/table><\/figure>\n\n\n\n<p><a href=\"https:\/\/www.fanfani.me\/sr\/kulturna-desvanja\/januar\/docek-nove-godine-budva-crna-gora\/\"><strong>Budva<\/strong> docek \u2192 Sedam dana koncerata, vrhunac: <strong>Aco Pejovi\u0107 i Bijelo Dugme<\/strong><\/a><\/p>\n\n\n\n<p><\/p>\n\n\n\n<h2 class=\"wp-block-heading\">Kotor, <strong>Ansambl To\u0107, Parni Valjak<\/strong><\/h2>\n\n\n\n<figure class=\"wp-block-table\"><table class=\"has-fixed-layout\"><thead><tr><th>Datum<\/th><th>Izvo\u0111a\u010d(i)<\/th><th>Doga\u0111aj<\/th><\/tr><\/thead><tbody><tr><td>29. novembar<\/td><td>Fedde Le Grand<\/td><td>Otvaranje festivala<\/td><\/tr><tr><td>30. decembar (12h)<\/td><td>SPD \u201cJedinstvo\u201d, Djeda Mraz i vilenjaci<\/td><td>Dje\u010dija Nova godina<\/td><\/tr><tr><td>30. decembar (21h)<\/td><td>Orkestar Aleksandra Sofronijevi\u0107a &amp; Stela Rade<\/td><td>Koncert<\/td><\/tr><tr><td><strong>31. decembar<\/strong><\/td><td><strong>Ansambl To\u0107, Parni Valjak<\/strong><\/td><td>Do\u010dek Nove godine<\/td><\/tr><tr><td>1. januar<\/td><td>Jakov Jozinovi\u0107, Marija \u0160erifovi\u0107<\/td><td>Repriza do\u010deka<\/td><\/tr><tr><td>31. januar<\/td><td>Kurd Maverick<\/td><td>Zatvaranje festivala<\/td><\/tr><\/tbody><\/table><\/figure>\n\n\n\n<p><a href=\"https:\/\/www.fanfani.me\/sr\/kulturna-desvanja\/januar\/docek-nove-godine-kotor\/\"><strong>Kotor<\/strong> docek \u2192 Festival od novembra do januara, do\u010dek sa <strong>Parnim Valjkom<\/strong>, repriza <strong>Marija \u0160erifovi\u0107<\/strong><\/a><\/p>\n\n\n\n<p><\/p>\n\n\n\n<h2 class=\"wp-block-heading\">NOVOGODI\u0160NJI PROGRAM 2025\/2026 \u2013 CRNOGORSKO PRIMORJE<\/h2>\n\n\n\n<figure class=\"wp-block-table\"><table class=\"has-fixed-layout\"><thead><tr><th>\ud83d\udcc5 Datum<\/th><th>\ud83d\udccd Grad<\/th><th>\ud83c\udfa4 Izvo\u0111a\u010di \/ Doga\u0111aj<\/th><th>\ud83d\udcdd Napomena<\/th><\/tr><\/thead><tbody><tr><td><strong>29. nov 2025<\/strong><\/td><td><strong>Kotor<\/strong><\/td><td>Fedde Le Grand<\/td><td>Otvaranje Kotor Winter Fest-a<\/td><\/tr><tr><td><strong>29. dec 2025<\/strong><\/td><td><strong>Budva<\/strong><\/td><td>Pe\u0111a Medenica, Boban Rajovi\u0107, Jovana Paji\u0107, Mirza Selimovi\u0107<\/td><td>Po\u010detak sedmodnevnog programa<\/td><\/tr><tr><td><strong>30. dec 2025 (12h)<\/strong><\/td><td><strong>Kotor<\/strong><\/td><td>Hor SPD \u201cJedinstvo\u201d, Djeda Mraz, vilenjaci<\/td><td>Dje\u010dija Nova godina<\/td><\/tr><tr><td><strong>30. dec 2025 (21h)<\/strong><\/td><td><strong>Kotor<\/strong><\/td><td>Orkestar Aleksandra Sofronijevi\u0107a &amp; Stela Rade<\/td><td>Prazni\u010dno ve\u010de<\/td><\/tr><tr><td><strong>30. dec 2025<\/strong><\/td><td><strong>Tivat<\/strong><\/td><td>Sa\u0161a Mati\u0107<\/td><td>Zagrijavanje pred do\u010dek<\/td><\/tr><tr><td><strong>30. dec 2025<\/strong><\/td><td><strong>Budva<\/strong><\/td><td>Zana, TAP 011, Sara Jovanovi\u0107, Marko Luis<\/td><td>Pop ve\u010deri<\/td><\/tr><tr><td><strong>31. dec 2025<\/strong><\/td><td><strong>Kotor<\/strong><\/td><td>Ansambl To\u0107, Parni Valjak<\/td><td>Do\u010dek Nove 2026<\/td><\/tr><tr><td><strong>31. dec 2025<\/strong><\/td><td><strong>Tivat<\/strong><\/td><td>Lepa Brena<\/td><td>Do\u010dek Nove 2026<\/td><\/tr><tr><td><strong>31. dec 2025<\/strong><\/td><td><strong>Herceg Novi<\/strong><\/td><td>Haris D\u017einovi\u0107, Neda Ukraden<\/td><td>Do\u010dek Nove 2026<\/td><\/tr><tr><td><strong>31. dec 2025<\/strong><\/td><td><strong>Budva<\/strong><\/td><td>Teodora \u0160\u0107epanovi\u0107, Emina Jahovi\u0107, <strong>Aco Pejovi\u0107<\/strong><\/td><td>Glavni do\u010dek<\/td><\/tr><tr><td><strong>1. jan 2026 (podne)<\/strong><\/td><td><strong>Herceg Novi<\/strong><\/td><td>Kamerni orkestar Herceg Novi<\/td><td>Dnevni koncert<\/td><\/tr><tr><td><strong>1. jan 2026 (ve\u010de)<\/strong><\/td><td><strong>Kotor<\/strong><\/td><td>Jakov Jozinovi\u0107, Marija \u0160erifovi\u0107<\/td><td>Repriza do\u010deka<\/td><\/tr><tr><td><strong>1. jan 2026<\/strong><\/td><td><strong>Tivat<\/strong><\/td><td>Jelena Rozga<\/td><td>Novogodi\u0161nji koncert<\/td><\/tr><tr><td><strong>1. jan 2026<\/strong><\/td><td><strong>Budva<\/strong><\/td><td>Chegi bend, Perper, <strong>Bijelo Dugme<\/strong><\/td><td>Zvijezde ve\u010deri<\/td><\/tr><tr><td><strong>1. jan 2026 (ve\u010de)<\/strong><\/td><td><strong>Herceg Novi<\/strong><\/td><td>\u017deljko Samard\u017ei\u0107, Vesna Zmijanac<\/td><td>Ve\u010dernji koncert<\/td><\/tr><tr><td><strong>2. jan 2026<\/strong><\/td><td><strong>Tivat<\/strong><\/td><td>Toni Cetinski<\/td><td>Zavr\u0161nica tivatskog programa<\/td><\/tr><tr><td><strong>2. jan 2026<\/strong><\/td><td><strong>Herceg Novi<\/strong><\/td><td>D\u017eenan Lon\u010darevi\u0107, Tropico Band<\/td><td>Zatvaranje trodnevnog programa<\/td><\/tr><tr><td><strong>2. jan 2026<\/strong><\/td><td><strong>Budva<\/strong><\/td><td>Relja Popovi\u0107, Nikolija, Breskvica<\/td><td>Urbano ve\u010de<\/td><\/tr><tr><td><strong>3. jan 2026<\/strong><\/td><td><strong>Budva<\/strong><\/td><td>Lexington Band, Sergej \u0106etkovi\u0107<\/td><td>Romanti\u010dna no\u0107<\/td><\/tr><tr><td><strong>4. jan 2026<\/strong><\/td><td><strong>Budva<\/strong><\/td><td>Tribute Night (ABBA, AC\/DC, David Bowie)<\/td><td>Zatvaranje programa<\/td><\/tr><tr><td><strong>31. jan 2026<\/strong><\/td><td><strong>Kotor<\/strong><\/td><td>Kurd Maverick<\/td><td>Zatvaranje Kotor Winter Fest-a<\/td><\/tr><\/tbody><\/table><\/figure>\n\n\n\n<h2 class=\"wp-block-heading\">Anketa o do\u010deku Nove godine<\/h2>\n\n\n\n<iframe data-src=\"https:\/\/docs.google.com\/forms\/d\/e\/1FAIpQLSdjOiJJzHQlRpLoAkjW26B1C22XWJ1Un4ZMD_PLEexV_7sCJA\/viewform?embedded=true\" width=\"640\" height=\"1601\" frameborder=\"0\" marginheight=\"0\" marginwidth=\"0\" src=\"data:image\/svg+xml;base64,PHN2ZyB3aWR0aD0iMSIgaGVpZ2h0PSIxIiB4bWxucz0iaHR0cDovL3d3dy53My5vcmcvMjAwMC9zdmciPjwvc3ZnPg==\" class=\"lazyload\" data-load-mode=\"1\">Loading\u2026<\/iframe>\n\n\n\n<p><a href=\"https:\/\/www.fanfani.me\/docek-nove-godine-kotor-budva-tivat-herceg-novi\/\" target=\"_blank\" rel=\"noopener noreferrer\"> <\/a><\/p>\n\n\n\n<h1 class=\"wp-block-heading\">Do\u010dek Nove 2026 godine Boka Kotorska. Budva, Herceg Novi, Tivat i Kotor.<\/h1>\n\n\n\n<div class=\"wp-block-media-text alignwide is-stacked-on-mobile\"><figure class=\"wp-block-media-text__media\"><img decoding=\"async\" width=\"800\" height=\"800\" data-src=\"https:\/\/www.fanfani.me\/wp-content\/uploads\/2022\/12\/boka-kotorska-grbovi-gradova.jpg\" alt=\"boka kotorska grb\" class=\"wp-image-11761 size-full lazyload\" data-srcset=\"https:\/\/www.fanfani.me\/wp-content\/uploads\/2022\/12\/boka-kotorska-grbovi-gradova.jpg 800w, https:\/\/www.fanfani.me\/wp-content\/uploads\/2022\/12\/boka-kotorska-grbovi-gradova-300x300.jpg 300w, https:\/\/www.fanfani.me\/wp-content\/uploads\/2022\/12\/boka-kotorska-grbovi-gradova-150x150.jpg 150w, https:\/\/www.fanfani.me\/wp-content\/uploads\/2022\/12\/boka-kotorska-grbovi-gradova-768x768.jpg 768w\" data-sizes=\"(max-width: 800px) 100vw, 800px\" src=\"data:image\/svg+xml;base64,PHN2ZyB3aWR0aD0iMSIgaGVpZ2h0PSIxIiB4bWxucz0iaHR0cDovL3d3dy53My5vcmcvMjAwMC9zdmciPjwvc3ZnPg==\" style=\"--smush-placeholder-width: 800px; --smush-placeholder-aspect-ratio: 800\/800;\" \/><\/figure><div class=\"wp-block-media-text__content\">\n<p>Novi, Budva, Kotor i Tivat<\/p>\n\n\n\n<p>Do\u010dek Nove godine 2026<\/p>\n<\/div><\/div>\n\n\n\n<p><\/p>\n\n\n\n<h3 class=\"has-base-3-color has-text-color has-background\" style=\"background-color:#cdc02f\">Ljubitelji Zabave i kulture u Herceg Novom se u februaru 2025 odr\u017eava Praznik Mimoze. Pozori\u0161ne predstave, maskenbali, besplatni koncerti. Pogledajte program <a href=\"https:\/\/www.fanfani.me\/sr\/kulturna-desvanja\/februar\/dani-mimoze-program-2\/\">Dani Mimoze 2024<\/a><\/h3>\n\n\n\n<h3 class=\"wp-block-heading\">Do\u010dek 2025 na otvorenom u Herceg Novom, Tivtu, Kotoru i Budvi<\/h3>\n\n\n\n<p>Kliknite na grad ispod i idite direktno na program ili skrolujte po gradovima.<\/p>\n\n\n\n<div style=\"box-shadow: 0px 0px 4px #888888; border-radius: 5px; background-image: linear-gradient(to right top, #22416f, #225f8d, #257fa9, #329fc2, #4ac0d8); border: 1px solid #f5c525; display= inline-block; font-size: 22px; color: red; text-align: center;\"><a href=\"#HN\"> Herceg Novi |<\/a><a href=\"#TV\">| Tivat |<\/a><a href=\"#KO\">| Kotor |<\/a><a href=\"#BD\"> Budva |<\/a><\/div>\n\n\n\n<h2 class=\"wp-block-heading\" id=\"BD\">BUDVA 2025<\/h2>\n\n\n\n<p>Jo\u0161 nije objavljen<\/p>\n\n\n\n<p><a href=\"https:\/\/www.fanfani.me\/sr\/kulturna-desvanja\/januar\/docek-nove-godine-budva-crna-gora\/\">Vlado Georgiev nastupa za do\u010dek Nove godine<\/a><\/p>\n\n\n\n<p><\/p>\n\n\n\n<p><a href=\"https:\/\/www.fanfani.me\/sr\/kulturna-desvanja\/januar\/docek-nove-godine-budva-crna-gora\/\">Docek Nove Godine u Budvi program i satnica<\/a><\/p>\n\n\n\n<hr class=\"wp-block-separator has-alpha-channel-opacity\"\/>\n\n\n\n<h2 class=\"wp-block-heading\" id=\"HN\">Herceg Novi 2025<\/h2>\n\n\n\n<p><a href=\"https:\/\/www.fanfani.me\/sr\/kulturna-desvanja\/januar\/docek-nove-godine-herceg-novi-program-satnica\/\">Ceca u Herceg Novom<\/a><\/p>\n\n\n\n<p><a href=\"https:\/\/www.fanfani.me\/sr\/kulturna-desvanja\/januar\/docek-nove-godine-herceg-novi-program-satnica\/\">Docek Nove godine Herceg Novi &#8211; program<\/a><\/p>\n\n\n\n<iframe data-src=\"https:\/\/docs.google.com\/forms\/d\/e\/1FAIpQLSdECwf6QgLxWOApx_tF0J7bJR1O0cmZ2mkOpXtiSv_sGSsZOw\/viewform?embedded=true\" width=\"640\" height=\"456\" frameborder=\"0\" marginheight=\"0\" marginwidth=\"0\" src=\"data:image\/svg+xml;base64,PHN2ZyB3aWR0aD0iMSIgaGVpZ2h0PSIxIiB4bWxucz0iaHR0cDovL3d3dy53My5vcmcvMjAwMC9zdmciPjwvc3ZnPg==\" class=\"lazyload\" data-load-mode=\"1\">Loading\u2026<\/iframe>\n\n\n\n<hr class=\"wp-block-separator has-alpha-channel-opacity\"\/>\n\n\n\n<h2 class=\"wp-block-heading\">PortoNovi Herceg Novi<\/h2>\n\n\n\n<p>Objavljen program.<\/p>\n\n\n\n<p>Za vi\u0161e informacija o doga\u0111ajima pi\u0161ite na <a href=\"mailto:events@portonovi.com\" target=\"_blank\" rel=\"noreferrer noopener\">events@portonovi.com<\/a> ili pozovite <a href=\"tel:+382%2067%20177%20444\">+382 67 177 444<\/a> (Viber\/WhatsApp\/Telegram).<\/p>\n\n\n\n<p><a href=\"https:\/\/www.fanfani.me\/sr\/kulturna-desvanja\/januar\/docek-nove-godine-herceg-novi-program-satnica\/#portonovi\">PorotoNovi praznicni program<\/a>.<\/p>\n\n\n\n<p><\/p>\n\n\n\n<h2 class=\"wp-block-heading\" id=\"KO\">Kotor<\/h2>\n\n\n\n<p>Ve\u0107 30. decembra, po prvi put, u\u017eiva\u0107e\u0161 u nastupu Dejana Petrovi\u0107a i njegovog Big Banda. Za do\u010dek 31. decembra, Zabranjeno pu\u0161enje sa Sejom Sexonom pravi spektakl, 1. januara te \u010deka Dubioza Kolektiv, a 2. januara Parni Valjak ima svoju crnogorsku premijeru sa novim pjeva\u010dem. <br>Izvor \/ TO Montenegro<\/p>\n\n\n\n<p><a href=\"https:\/\/www.fanfani.me\/sr\/kulturna-desvanja\/januar\/docek-nove-godine-kotor\/\">Do\u010dek Nove godine u Kotoru program<\/a><\/p>\n\n\n\n<hr class=\"wp-block-separator has-alpha-channel-opacity\"\/>\n\n\n\n<h2 class=\"wp-block-heading\" id=\"TV\">TIVAT 2024<\/h2>\n\n\n\n<p><a href=\"https:\/\/www.fanfani.me\/sr\/kulturna-desvanja\/januar\/tivat-nova-godina-docek\/\">Do\u010dek NOve godine u Tivtu uz Zdravka \u010coli\u0107a<\/a><\/p>\n\n\n\n<p><\/p>\n\n\n\n<h3 class=\"wp-block-heading\"><a href=\"https:\/\/www.fanfani.me\/sr\/\">Smjestaj za novogodisnje praznike.<\/a><\/h3>\n","protected":false},"excerpt":{"rendered":"<p>Gde za Novu godinu? Do\u010dek i proslava Nove 2026 Boka Kotorska na otvorenom u Budvi, Novom, PortoNovom, Tivtu i Kotoru. Provedite se i odmorite u jednom od najljepsih zaliva svijeta. Nova godina u Boki Kotorskoj Vodi\u010d za one koji ho\u0107e odmor, muziku, more i prostor da di\u0161u Dok se u ve\u0107ini gradova Nova godina pretvara &#8230; <a title=\"Do\u010dek Nove godine: Herceg Novi, Tivat, Kotor i Budva. Gde za Novu godinu?\" class=\"read-more\" href=\"https:\/\/www.fanfani.me\/sr\/docek-nove-godine-kotor-budva-tivat-herceg-novi\/\" aria-label=\"Read more about Do\u010dek Nove godine: Herceg Novi, Tivat, Kotor i Budva. Gde za Novu godinu?\">Read more<\/a><\/p>\n","protected":false},"author":1,"featured_media":0,"comment_status":"closed","ping_status":"closed","sticky":false,"template":"","format":"standard","meta":{"footnotes":""},"categories":[25],"tags":[189,70,191,159,155,156,190],"class_list":["post-4543","post","type-post","status-publish","format-standard","hentry","category-kulturna-desavanja","tag-budva","tag-crna-gora","tag-docek","tag-herceg-novi","tag-kotor","tag-nova-godina","tag-tivat"],"yoast_head":"<!-- This site is optimized with the Yoast SEO plugin v27.3 - https:\/\/yoast.com\/product\/yoast-seo-wordpress\/ -->\n<title>Do\u010dek Nove godine 2026 Crna Gora. Besplatni koncerti i do\u010deci<\/title>\n<meta name=\"description\" content=\"Do\u010dek Nove godine 2026 Herceg Novi, PortoNovi, Tivat, Kotor i Budva. Prikaz svih doceka za Novu godinu. Vidite i ostala desavanja u Vasem okruzenju. U svojoj organizaciji docek.\" \/>\n<meta name=\"robots\" content=\"index, follow, max-snippet:-1, max-image-preview:large, max-video-preview:-1\" \/>\n<link rel=\"canonical\" href=\"https:\/\/www.fanfani.me\/sr\/docek-nove-godine-kotor-budva-tivat-herceg-novi\/\" \/>\n<meta property=\"og:locale\" content=\"sr_RS\" \/>\n<meta property=\"og:type\" content=\"article\" \/>\n<meta property=\"og:title\" content=\"Do\u010dek Nove godine 2026 Crna Gora. Besplatni koncerti i do\u010deci\" \/>\n<meta property=\"og:description\" content=\"Do\u010dek Nove godine 2026 Herceg Novi, PortoNovi, Tivat, Kotor i Budva. Prikaz svih doceka za Novu godinu. Vidite i ostala desavanja u Vasem okruzenju. U svojoj organizaciji docek.\" \/>\n<meta property=\"og:url\" content=\"https:\/\/www.fanfani.me\/sr\/docek-nove-godine-kotor-budva-tivat-herceg-novi\/\" \/>\n<meta property=\"og:site_name\" content=\"Neda Fanfani\" \/>\n<meta property=\"article:publisher\" content=\"https:\/\/www.facebook.com\/Apartmani.Djenovici\/\" \/>\n<meta property=\"article:published_time\" content=\"2018-10-19T18:38:29+00:00\" \/>\n<meta property=\"article:modified_time\" content=\"2025-12-16T09:36:50+00:00\" \/>\n<meta property=\"og:image\" content=\"https:\/\/www.fanfani.me\/wp-content\/uploads\/2018\/10\/docek-nove-godine-2025-crna-gora-herceg-novi-portonovi-kotor-tivat-budva-program.jpeg\" \/>\n\t<meta property=\"og:image:width\" content=\"1792\" \/>\n\t<meta property=\"og:image:height\" content=\"1024\" \/>\n\t<meta property=\"og:image:type\" content=\"image\/jpeg\" \/>\n<meta name=\"author\" content=\"backo\" \/>\n<meta name=\"twitter:card\" content=\"summary_large_image\" \/>\n<meta name=\"twitter:label1\" content=\"\u041d\u0430\u043f\u0438\u0441\u0430\u043d\u043e \u043e\u0434\" \/>\n\t<meta name=\"twitter:data1\" content=\"backo\" \/>\n\t<meta name=\"twitter:label2\" content=\"\u041f\u0440\u043e\u0446\u0435\u045a\u0435\u043d\u043e \u0432\u0440\u0435\u043c\u0435 \u0447\u0438\u0442\u0430\u045a\u0430\" \/>\n\t<meta name=\"twitter:data2\" content=\"9 \u043c\u0438\u043d\u0443\u0442\u0430\" \/>\n<script type=\"application\/ld+json\" class=\"yoast-schema-graph\">{\"@context\":\"https:\\\/\\\/schema.org\",\"@graph\":[{\"@type\":\"Article\",\"@id\":\"https:\\\/\\\/www.fanfani.me\\\/sr\\\/docek-nove-godine-kotor-budva-tivat-herceg-novi\\\/#article\",\"isPartOf\":{\"@id\":\"https:\\\/\\\/www.fanfani.me\\\/sr\\\/docek-nove-godine-kotor-budva-tivat-herceg-novi\\\/\"},\"author\":{\"name\":\"backo\",\"@id\":\"https:\\\/\\\/www.fanfani.me\\\/sr\\\/#\\\/schema\\\/person\\\/9f570ae7a383285d5eb5b1782c0e2abf\"},\"headline\":\"Do\u010dek Nove godine: Herceg Novi, Tivat, Kotor i Budva. Gde za Novu godinu?\",\"datePublished\":\"2018-10-19T18:38:29+00:00\",\"dateModified\":\"2025-12-16T09:36:50+00:00\",\"mainEntityOfPage\":{\"@id\":\"https:\\\/\\\/www.fanfani.me\\\/sr\\\/docek-nove-godine-kotor-budva-tivat-herceg-novi\\\/\"},\"wordCount\":1425,\"publisher\":{\"@id\":\"https:\\\/\\\/www.fanfani.me\\\/sr\\\/#organization\"},\"image\":{\"@id\":\"https:\\\/\\\/www.fanfani.me\\\/sr\\\/docek-nove-godine-kotor-budva-tivat-herceg-novi\\\/#primaryimage\"},\"thumbnailUrl\":\"https:\\\/\\\/www.fanfani.me\\\/wp-content\\\/uploads\\\/2018\\\/10\\\/docek-nove-godine-2025-crna-gora-herceg-novi-portonovi-kotor-tivat-budva-program-1024x585.jpeg\",\"keywords\":[\"budva\",\"crna gora\",\"do\u010dek\",\"herceg novi\",\"kotor\",\"nova godina\",\"tivat\"],\"articleSection\":[\"Kulturna desavanja\"],\"inLanguage\":\"sr-RS\"},{\"@type\":\"WebPage\",\"@id\":\"https:\\\/\\\/www.fanfani.me\\\/sr\\\/docek-nove-godine-kotor-budva-tivat-herceg-novi\\\/\",\"url\":\"https:\\\/\\\/www.fanfani.me\\\/sr\\\/docek-nove-godine-kotor-budva-tivat-herceg-novi\\\/\",\"name\":\"Do\u010dek Nove godine 2026 Crna Gora. Besplatni koncerti i do\u010deci\",\"isPartOf\":{\"@id\":\"https:\\\/\\\/www.fanfani.me\\\/sr\\\/#website\"},\"primaryImageOfPage\":{\"@id\":\"https:\\\/\\\/www.fanfani.me\\\/sr\\\/docek-nove-godine-kotor-budva-tivat-herceg-novi\\\/#primaryimage\"},\"image\":{\"@id\":\"https:\\\/\\\/www.fanfani.me\\\/sr\\\/docek-nove-godine-kotor-budva-tivat-herceg-novi\\\/#primaryimage\"},\"thumbnailUrl\":\"https:\\\/\\\/www.fanfani.me\\\/wp-content\\\/uploads\\\/2018\\\/10\\\/docek-nove-godine-2025-crna-gora-herceg-novi-portonovi-kotor-tivat-budva-program-1024x585.jpeg\",\"datePublished\":\"2018-10-19T18:38:29+00:00\",\"dateModified\":\"2025-12-16T09:36:50+00:00\",\"description\":\"Do\u010dek Nove godine 2026 Herceg Novi, PortoNovi, Tivat, Kotor i Budva. Prikaz svih doceka za Novu godinu. Vidite i ostala desavanja u Vasem okruzenju. U svojoj organizaciji docek.\",\"breadcrumb\":{\"@id\":\"https:\\\/\\\/www.fanfani.me\\\/sr\\\/docek-nove-godine-kotor-budva-tivat-herceg-novi\\\/#breadcrumb\"},\"inLanguage\":\"sr-RS\",\"potentialAction\":[{\"@type\":\"ReadAction\",\"target\":[\"https:\\\/\\\/www.fanfani.me\\\/sr\\\/docek-nove-godine-kotor-budva-tivat-herceg-novi\\\/\"]}]},{\"@type\":\"ImageObject\",\"inLanguage\":\"sr-RS\",\"@id\":\"https:\\\/\\\/www.fanfani.me\\\/sr\\\/docek-nove-godine-kotor-budva-tivat-herceg-novi\\\/#primaryimage\",\"url\":\"https:\\\/\\\/www.fanfani.me\\\/wp-content\\\/uploads\\\/2018\\\/10\\\/docek-nove-godine-2025-crna-gora-herceg-novi-portonovi-kotor-tivat-budva-program-1024x585.jpeg\",\"contentUrl\":\"https:\\\/\\\/www.fanfani.me\\\/wp-content\\\/uploads\\\/2018\\\/10\\\/docek-nove-godine-2025-crna-gora-herceg-novi-portonovi-kotor-tivat-budva-program-1024x585.jpeg\"},{\"@type\":\"BreadcrumbList\",\"@id\":\"https:\\\/\\\/www.fanfani.me\\\/sr\\\/docek-nove-godine-kotor-budva-tivat-herceg-novi\\\/#breadcrumb\",\"itemListElement\":[{\"@type\":\"ListItem\",\"position\":1,\"name\":\"\u041f\u043e\u0447\u0435\u0442\u043d\u0430\",\"item\":\"https:\\\/\\\/www.fanfani.me\\\/sr\\\/\"},{\"@type\":\"ListItem\",\"position\":2,\"name\":\"Kulturna desavanja\",\"item\":\"https:\\\/\\\/www.fanfani.me\\\/sr\\\/category\\\/kulturna-desavanja\\\/\"},{\"@type\":\"ListItem\",\"position\":3,\"name\":\"Do\u010dek Nove godine: Herceg Novi, Tivat, Kotor i Budva. Gde za Novu godinu?\"}]},{\"@type\":\"WebSite\",\"@id\":\"https:\\\/\\\/www.fanfani.me\\\/sr\\\/#website\",\"url\":\"https:\\\/\\\/www.fanfani.me\\\/sr\\\/\",\"name\":\"Neda Fanfani\",\"description\":\"Djenovi\u0107i\",\"publisher\":{\"@id\":\"https:\\\/\\\/www.fanfani.me\\\/sr\\\/#organization\"},\"potentialAction\":[{\"@type\":\"SearchAction\",\"target\":{\"@type\":\"EntryPoint\",\"urlTemplate\":\"https:\\\/\\\/www.fanfani.me\\\/sr\\\/?s={search_term_string}\"},\"query-input\":{\"@type\":\"PropertyValueSpecification\",\"valueRequired\":true,\"valueName\":\"search_term_string\"}}],\"inLanguage\":\"sr-RS\"},{\"@type\":\"Organization\",\"@id\":\"https:\\\/\\\/www.fanfani.me\\\/sr\\\/#organization\",\"name\":\"Apartmani Neda Fanfani Djenovici\",\"url\":\"https:\\\/\\\/www.fanfani.me\\\/sr\\\/\",\"logo\":{\"@type\":\"ImageObject\",\"inLanguage\":\"sr-RS\",\"@id\":\"https:\\\/\\\/www.fanfani.me\\\/sr\\\/#\\\/schema\\\/logo\\\/image\\\/\",\"url\":\"https:\\\/\\\/www.fanfani.me\\\/wp-content\\\/uploads\\\/2020\\\/04\\\/apartmani-neda-fanfani-djenovici-1024x216-1.png\",\"contentUrl\":\"https:\\\/\\\/www.fanfani.me\\\/wp-content\\\/uploads\\\/2020\\\/04\\\/apartmani-neda-fanfani-djenovici-1024x216-1.png\",\"width\":1024,\"height\":216,\"caption\":\"Apartmani Neda Fanfani Djenovici\"},\"image\":{\"@id\":\"https:\\\/\\\/www.fanfani.me\\\/sr\\\/#\\\/schema\\\/logo\\\/image\\\/\"},\"sameAs\":[\"https:\\\/\\\/www.facebook.com\\\/Apartmani.Djenovici\\\/\",\"https:\\\/\\\/www.youtube.com\\\/user\\\/FanfaniDjenovici\"]},{\"@type\":\"Person\",\"@id\":\"https:\\\/\\\/www.fanfani.me\\\/sr\\\/#\\\/schema\\\/person\\\/9f570ae7a383285d5eb5b1782c0e2abf\",\"name\":\"backo\",\"url\":\"https:\\\/\\\/www.fanfani.me\\\/sr\\\/author\\\/backo\\\/\"}]}<\/script>\n<!-- \/ Yoast SEO plugin. -->","yoast_head_json":{"title":"Do\u010dek Nove godine 2026 Crna Gora. Besplatni koncerti i do\u010deci","description":"Do\u010dek Nove godine 2026 Herceg Novi, PortoNovi, Tivat, Kotor i Budva. Prikaz svih doceka za Novu godinu. Vidite i ostala desavanja u Vasem okruzenju. U svojoj organizaciji docek.","robots":{"index":"index","follow":"follow","max-snippet":"max-snippet:-1","max-image-preview":"max-image-preview:large","max-video-preview":"max-video-preview:-1"},"canonical":"https:\/\/www.fanfani.me\/sr\/docek-nove-godine-kotor-budva-tivat-herceg-novi\/","og_locale":"sr_RS","og_type":"article","og_title":"Do\u010dek Nove godine 2026 Crna Gora. Besplatni koncerti i do\u010deci","og_description":"Do\u010dek Nove godine 2026 Herceg Novi, PortoNovi, Tivat, Kotor i Budva. Prikaz svih doceka za Novu godinu. Vidite i ostala desavanja u Vasem okruzenju. U svojoj organizaciji docek.","og_url":"https:\/\/www.fanfani.me\/sr\/docek-nove-godine-kotor-budva-tivat-herceg-novi\/","og_site_name":"Neda Fanfani","article_publisher":"https:\/\/www.facebook.com\/Apartmani.Djenovici\/","article_published_time":"2018-10-19T18:38:29+00:00","article_modified_time":"2025-12-16T09:36:50+00:00","og_image":[{"width":1792,"height":1024,"url":"https:\/\/www.fanfani.me\/wp-content\/uploads\/2018\/10\/docek-nove-godine-2025-crna-gora-herceg-novi-portonovi-kotor-tivat-budva-program.jpeg","type":"image\/jpeg"}],"author":"backo","twitter_card":"summary_large_image","twitter_misc":{"\u041d\u0430\u043f\u0438\u0441\u0430\u043d\u043e \u043e\u0434":"backo","\u041f\u0440\u043e\u0446\u0435\u045a\u0435\u043d\u043e \u0432\u0440\u0435\u043c\u0435 \u0447\u0438\u0442\u0430\u045a\u0430":"9 \u043c\u0438\u043d\u0443\u0442\u0430"},"schema":{"@context":"https:\/\/schema.org","@graph":[{"@type":"Article","@id":"https:\/\/www.fanfani.me\/sr\/docek-nove-godine-kotor-budva-tivat-herceg-novi\/#article","isPartOf":{"@id":"https:\/\/www.fanfani.me\/sr\/docek-nove-godine-kotor-budva-tivat-herceg-novi\/"},"author":{"name":"backo","@id":"https:\/\/www.fanfani.me\/sr\/#\/schema\/person\/9f570ae7a383285d5eb5b1782c0e2abf"},"headline":"Do\u010dek Nove godine: Herceg Novi, Tivat, Kotor i Budva. Gde za Novu godinu?","datePublished":"2018-10-19T18:38:29+00:00","dateModified":"2025-12-16T09:36:50+00:00","mainEntityOfPage":{"@id":"https:\/\/www.fanfani.me\/sr\/docek-nove-godine-kotor-budva-tivat-herceg-novi\/"},"wordCount":1425,"publisher":{"@id":"https:\/\/www.fanfani.me\/sr\/#organization"},"image":{"@id":"https:\/\/www.fanfani.me\/sr\/docek-nove-godine-kotor-budva-tivat-herceg-novi\/#primaryimage"},"thumbnailUrl":"https:\/\/www.fanfani.me\/wp-content\/uploads\/2018\/10\/docek-nove-godine-2025-crna-gora-herceg-novi-portonovi-kotor-tivat-budva-program-1024x585.jpeg","keywords":["budva","crna gora","do\u010dek","herceg novi","kotor","nova godina","tivat"],"articleSection":["Kulturna desavanja"],"inLanguage":"sr-RS"},{"@type":"WebPage","@id":"https:\/\/www.fanfani.me\/sr\/docek-nove-godine-kotor-budva-tivat-herceg-novi\/","url":"https:\/\/www.fanfani.me\/sr\/docek-nove-godine-kotor-budva-tivat-herceg-novi\/","name":"Do\u010dek Nove godine 2026 Crna Gora. Besplatni koncerti i do\u010deci","isPartOf":{"@id":"https:\/\/www.fanfani.me\/sr\/#website"},"primaryImageOfPage":{"@id":"https:\/\/www.fanfani.me\/sr\/docek-nove-godine-kotor-budva-tivat-herceg-novi\/#primaryimage"},"image":{"@id":"https:\/\/www.fanfani.me\/sr\/docek-nove-godine-kotor-budva-tivat-herceg-novi\/#primaryimage"},"thumbnailUrl":"https:\/\/www.fanfani.me\/wp-content\/uploads\/2018\/10\/docek-nove-godine-2025-crna-gora-herceg-novi-portonovi-kotor-tivat-budva-program-1024x585.jpeg","datePublished":"2018-10-19T18:38:29+00:00","dateModified":"2025-12-16T09:36:50+00:00","description":"Do\u010dek Nove godine 2026 Herceg Novi, PortoNovi, Tivat, Kotor i Budva. Prikaz svih doceka za Novu godinu. Vidite i ostala desavanja u Vasem okruzenju. U svojoj organizaciji docek.","breadcrumb":{"@id":"https:\/\/www.fanfani.me\/sr\/docek-nove-godine-kotor-budva-tivat-herceg-novi\/#breadcrumb"},"inLanguage":"sr-RS","potentialAction":[{"@type":"ReadAction","target":["https:\/\/www.fanfani.me\/sr\/docek-nove-godine-kotor-budva-tivat-herceg-novi\/"]}]},{"@type":"ImageObject","inLanguage":"sr-RS","@id":"https:\/\/www.fanfani.me\/sr\/docek-nove-godine-kotor-budva-tivat-herceg-novi\/#primaryimage","url":"https:\/\/www.fanfani.me\/wp-content\/uploads\/2018\/10\/docek-nove-godine-2025-crna-gora-herceg-novi-portonovi-kotor-tivat-budva-program-1024x585.jpeg","contentUrl":"https:\/\/www.fanfani.me\/wp-content\/uploads\/2018\/10\/docek-nove-godine-2025-crna-gora-herceg-novi-portonovi-kotor-tivat-budva-program-1024x585.jpeg"},{"@type":"BreadcrumbList","@id":"https:\/\/www.fanfani.me\/sr\/docek-nove-godine-kotor-budva-tivat-herceg-novi\/#breadcrumb","itemListElement":[{"@type":"ListItem","position":1,"name":"\u041f\u043e\u0447\u0435\u0442\u043d\u0430","item":"https:\/\/www.fanfani.me\/sr\/"},{"@type":"ListItem","position":2,"name":"Kulturna desavanja","item":"https:\/\/www.fanfani.me\/sr\/category\/kulturna-desavanja\/"},{"@type":"ListItem","position":3,"name":"Do\u010dek Nove godine: Herceg Novi, Tivat, Kotor i Budva. Gde za Novu godinu?"}]},{"@type":"WebSite","@id":"https:\/\/www.fanfani.me\/sr\/#website","url":"https:\/\/www.fanfani.me\/sr\/","name":"Neda Fanfani","description":"Djenovi\u0107i","publisher":{"@id":"https:\/\/www.fanfani.me\/sr\/#organization"},"potentialAction":[{"@type":"SearchAction","target":{"@type":"EntryPoint","urlTemplate":"https:\/\/www.fanfani.me\/sr\/?s={search_term_string}"},"query-input":{"@type":"PropertyValueSpecification","valueRequired":true,"valueName":"search_term_string"}}],"inLanguage":"sr-RS"},{"@type":"Organization","@id":"https:\/\/www.fanfani.me\/sr\/#organization","name":"Apartmani Neda Fanfani Djenovici","url":"https:\/\/www.fanfani.me\/sr\/","logo":{"@type":"ImageObject","inLanguage":"sr-RS","@id":"https:\/\/www.fanfani.me\/sr\/#\/schema\/logo\/image\/","url":"https:\/\/www.fanfani.me\/wp-content\/uploads\/2020\/04\/apartmani-neda-fanfani-djenovici-1024x216-1.png","contentUrl":"https:\/\/www.fanfani.me\/wp-content\/uploads\/2020\/04\/apartmani-neda-fanfani-djenovici-1024x216-1.png","width":1024,"height":216,"caption":"Apartmani Neda Fanfani Djenovici"},"image":{"@id":"https:\/\/www.fanfani.me\/sr\/#\/schema\/logo\/image\/"},"sameAs":["https:\/\/www.facebook.com\/Apartmani.Djenovici\/","https:\/\/www.youtube.com\/user\/FanfaniDjenovici"]},{"@type":"Person","@id":"https:\/\/www.fanfani.me\/sr\/#\/schema\/person\/9f570ae7a383285d5eb5b1782c0e2abf","name":"backo","url":"https:\/\/www.fanfani.me\/sr\/author\/backo\/"}]}},"_links":{"self":[{"href":"https:\/\/www.fanfani.me\/sr\/wp-json\/wp\/v2\/posts\/4543","targetHints":{"allow":["GET"]}}],"collection":[{"href":"https:\/\/www.fanfani.me\/sr\/wp-json\/wp\/v2\/posts"}],"about":[{"href":"https:\/\/www.fanfani.me\/sr\/wp-json\/wp\/v2\/types\/post"}],"author":[{"embeddable":true,"href":"https:\/\/www.fanfani.me\/sr\/wp-json\/wp\/v2\/users\/1"}],"replies":[{"embeddable":true,"href":"https:\/\/www.fanfani.me\/sr\/wp-json\/wp\/v2\/comments?post=4543"}],"version-history":[{"count":17,"href":"https:\/\/www.fanfani.me\/sr\/wp-json\/wp\/v2\/posts\/4543\/revisions"}],"predecessor-version":[{"id":16893,"href":"https:\/\/www.fanfani.me\/sr\/wp-json\/wp\/v2\/posts\/4543\/revisions\/16893"}],"wp:attachment":[{"href":"https:\/\/www.fanfani.me\/sr\/wp-json\/wp\/v2\/media?parent=4543"}],"wp:term":[{"taxonomy":"category","embeddable":true,"href":"https:\/\/www.fanfani.me\/sr\/wp-json\/wp\/v2\/categories?post=4543"},{"taxonomy":"post_tag","embeddable":true,"href":"https:\/\/www.fanfani.me\/sr\/wp-json\/wp\/v2\/tags?post=4543"}],"curies":[{"name":"wp","href":"https:\/\/api.w.org\/{rel}","templated":true}]}}